{"id":990,"date":"2024-09-02T10:49:07","date_gmt":"2024-09-02T13:49:07","guid":{"rendered":"https:\/\/gabaritojuridico.com.br\/?p=990"},"modified":"2024-09-02T10:49:07","modified_gmt":"2024-09-02T13:49:07","slug":"stf-vs-x-a-dicotomia-entre-a-necessidade-de-cumprimento-de-decisoes-judiciais-e-a-suspensao-de-servicos-de-interesse-publico","status":"publish","type":"post","link":"https:\/\/gabaritojuridico.com.br\/?p=990","title":{"rendered":"STF vs X: a dicotomia entre a necessidade de cumprimento de decis\u00f5es judiciais e a suspens\u00e3o de servi\u00e7os de interesse p\u00fablico"},"content":{"rendered":"<p>A decis\u00e3o do STF que determinou a suspens\u00e3o da plataforma X (antigo Twitter) no Brasil gerou um intenso debate sobre os limites entre a necessidade de cumprimento de decis\u00f5es judiciais e a preserva\u00e7\u00e3o de servi\u00e7os que <i>transcendem<\/i> o interesse particular de seus propriet\u00e1rios, assumindo relev\u00e2ncia p\u00fablica.<\/p>\n<p>Enquanto a san\u00e7\u00e3o imposta pela Corte visava garantir a obedi\u00eancia a ordens judiciais e a manuten\u00e7\u00e3o da ordem jur\u00eddica, a medida trouxe \u00e0 tona uma dicotomia significativa: a plataforma, apesar de ser um patrim\u00f4nio privado, desempenha um papel fundamental na sociedade moderna como um canal de comunica\u00e7\u00e3o, informa\u00e7\u00e3o e exerc\u00edcio da liberdade de express\u00e3o. Essa tens\u00e3o revela os desafios que surgem quando san\u00e7\u00f5es judiciais, embora juridicamente fundamentadas, impactam diretamente direitos fundamentais, como o acesso \u00e0 informa\u00e7\u00e3o e a participa\u00e7\u00e3o no debate p\u00fablico.<\/p>\n<p><b>Obrigatoriedade de cumprimento de decis\u00f5es judiciais no Brasil<\/b><\/p>\n<p>A obrigatoriedade de cumprimento de decis\u00f5es judiciais \u00e9 um <i>princ\u00edpio fundamental<\/i> do ordenamento jur\u00eddico brasileiro. Segundo o <b>artigo 5\u00ba, XXXV, da Constitui\u00e7\u00e3o Federal<\/b>, a lei n\u00e3o excluir\u00e1 da aprecia\u00e7\u00e3o do Poder Judici\u00e1rio les\u00e3o ou amea\u00e7a a direito. Al\u00e9m disso, o <b>artigo 77, IV, do CPC<\/b> estabelece que todos devem cumprir as ordens judiciais, sendo pass\u00edveis de san\u00e7\u00f5es aqueles que descumprirem essas determina\u00e7\u00f5es.<\/p>\n<p>No caso espec\u00edfico, o X foi intimado a cumprir diversas ordens judiciais relacionadas ao bloqueio de perfis que incitavam crimes e desrespeitavam a soberania nacional. O descumprimento reiterado dessas ordens fundamentou a ado\u00e7\u00e3o de medidas coercitivas, como a suspens\u00e3o dos servi\u00e7os da plataforma no Brasil e a aplica\u00e7\u00e3o de multas. <b>Essas medidas encontram amparo no artigo 139, IV, do CPC<\/b>, que autoriza o juiz a adotar medidas necess\u00e1rias para garantir a efetividade das decis\u00f5es judiciais.<\/p>\n<p><b>Necessidade de empresa estrangeira manter representante legal no pa\u00eds<\/b><\/p>\n<p>De acordo com o artigo 1.134, \u00a7 1\u00ba, V, do C\u00f3digo Civil, e com o Marco Civil da Internet (Lei n. 12.965\/2014), <b>empresas estrangeiras que atuam no Brasil devem manter um representante legal no pa\u00eds com poderes expressos para receber cita\u00e7\u00f5es judiciais e responder judicialmente pela empresa<\/b>.<\/p>\n<p>Essa exig\u00eancia visa assegurar que as empresas que operam no Brasil estejam sujeitas ao ordenamento jur\u00eddico nacional, evitando a atua\u00e7\u00e3o fora do alcance da fiscaliza\u00e7\u00e3o e controle do poder p\u00fablico.<\/p>\n<p>Portanto, a retirada de um representante legal para garantir o cumprimento das ordens judiciais foi vista como uma <b><i>manobra<\/i><\/b><b> para evitar o cumprimento das decis\u00f5es do Poder Judici\u00e1rio<\/b>, trazendo mais um fundamento para a ado\u00e7\u00e3o de medidas mais severas, como o bloqueio das atividades da plataforma.<\/p>\n<p>Todavia, a decis\u00e3o monocr\u00e1tica suscita uma s\u00e9rie de preocupa\u00e7\u00f5es jur\u00eddicas, especialmente no que diz respeito \u00e0 sua conformidade com princ\u00edpios fundamentais do processo e do direito penal.<\/p>\n<p><b>Aplica\u00e7\u00e3o de multa a quem utilizar VPN ou outros subterf\u00fagios para acessar o X<\/b><\/p>\n<p>O item 3 da decis\u00e3o, que fixou uma multa di\u00e1ria de R$ 50.000,00 \u00e0s pessoas f\u00edsicas ou jur\u00eddicas que utilizarem o X por meio de VPN ou outros subterf\u00fagios, apresenta v\u00e1rias quest\u00f5es jur\u00eddicas problem\u00e1ticas, que merecem uma an\u00e1lise cr\u00edtica, especialmente \u00e0 luz dos princ\u00edpios constitucionais e processuais.<\/p>\n<p><b>Princ\u00edpio da Legalidade e da Tipicidade<\/b><\/p>\n<p>O <b><i>princ\u00edpio da legalidade<\/i><\/b>, consagrado no artigo 5\u00ba, II, da Constitui\u00e7\u00e3o Federal, determina que &#8220;ningu\u00e9m ser\u00e1 obrigado a fazer ou deixar de fazer alguma coisa sen\u00e3o em virtude de lei&#8221;. Para que uma conduta seja pass\u00edvel de san\u00e7\u00e3o, \u00e9 necess\u00e1rio que ela esteja tipificada em lei de forma clara e precisa. No caso em quest\u00e3o, a simples utiliza\u00e7\u00e3o de VPNs ou outros subterf\u00fagios tecnol\u00f3gicos para acessar uma plataforma n\u00e3o est\u00e1 claramente definida como uma infra\u00e7\u00e3o legal que justifique a aplica\u00e7\u00e3o de uma multa pecuni\u00e1ria.<\/p>\n<p>A utiliza\u00e7\u00e3o de VPNs, por si s\u00f3, n\u00e3o configura crime ou ato il\u00edcito generalizado na legisla\u00e7\u00e3o brasileira. VPNs s\u00e3o ferramentas leg\u00edtimas amplamente utilizadas para garantir a privacidade <i>online<\/i>, acessar conte\u00fados em diferentes jurisdi\u00e7\u00f5es e proteger dados pessoais. A imposi\u00e7\u00e3o de uma multa por seu uso, sem que haja uma previs\u00e3o legal clara para tanto, pode ser considerada uma viola\u00e7\u00e3o do <b>princ\u00edpio da tipicidade<\/b>, que exige que a conduta sancion\u00e1vel seja previamente definida e espec\u00edfica.<\/p>\n<p><b>Princ\u00edpio do Devido Processo Legal<\/b><\/p>\n<p>O <b>devido processo legal<\/b>, previsto no artigo 5\u00ba, LIV, da Constitui\u00e7\u00e3o, assegura que ningu\u00e9m ser\u00e1 privado de sua liberdade ou de seus bens sem um processo legal adequado. Ao fixar uma multa di\u00e1ria diretamente a pessoas f\u00edsicas ou jur\u00eddicas que utilizarem VPNs, <b>sem que essas pessoas tenham sido previamente identificadas<\/b>, <b>notificadas<\/b> e lhes tenha sido concedida a <b>oportunidade de defesa<\/b>, a decis\u00e3o parece atropelar o devido processo legal.<\/p>\n<p>Al\u00e9m disso, as multas pecuni\u00e1rias s\u00f3 podem ser aplicadas ap\u00f3s a observ\u00e2ncia de um procedimento judicial ou administrativo que assegure o <b><i>contradit\u00f3rio<\/i><\/b> e a <b><i>ampla defesa<\/i><\/b>, conforme o artigo 5\u00ba, LV, da Constitui\u00e7\u00e3o. A decis\u00e3o do STF, ao prever san\u00e7\u00f5es a <b>terceiros que n\u00e3o fazem parte do processo<\/b>, viola esses princ\u00edpios, ao impor uma penalidade sem a devida aprecia\u00e7\u00e3o individualizada dos fatos e sem oferecer a oportunidade de contesta\u00e7\u00e3o.<\/p>\n<p><b>Princ\u00edpio da Intranscend\u00eancia das Penas<\/b><\/p>\n<p>O <b><i>princ\u00edpio da intranscend\u00eancia das penas<\/i><\/b>, disposto no artigo 5\u00ba, XLV, da Constitui\u00e7\u00e3o, estabelece que &#8220;nenhuma pena passar\u00e1 da pessoa do condenado&#8221;. Esse princ\u00edpio impede que san\u00e7\u00f5es penais ou administrativas sejam estendidas a terceiros que n\u00e3o sejam diretamente respons\u00e1veis pela conduta il\u00edcita. No caso em an\u00e1lise, a decis\u00e3o do STF estende a aplica\u00e7\u00e3o de multas a usu\u00e1rios comuns da internet, que, embora possam estar tentando contornar a suspens\u00e3o da plataforma, n\u00e3o s\u00e3o os autores da conduta que motivou a penalidade original aplicada ao X.<\/p>\n<p>Al\u00e9m disso, essas <b>pessoas n\u00e3o t\u00eam v\u00ednculo direto com o processo que motivou a suspens\u00e3o do X<\/b>, o que torna a aplica\u00e7\u00e3o da multa ainda mais problem\u00e1tica sob o prisma da <i>intranscend\u00eancia<\/i>. Penalizar usu\u00e1rios finais, que utilizam VPNs, equipara suas a\u00e7\u00f5es \u00e0quelas da empresa sancionada, o que pode ser visto como uma extens\u00e3o indevida da responsabilidade penal ou administrativa.<\/p>\n<p><b>M\u00eddias sociais como bens de interesse p\u00fablico<\/b><\/p>\n<p>A an\u00e1lise da decis\u00e3o do Ministro Alexandre de Moraes pode ser enriquecida ao considerar o contexto mais amplo de <b>regula\u00e7\u00e3o das m\u00eddias sociais<\/b>, em especial o debate sobre o <b><i>Projeto de Lei das Fake News<\/i><\/b> (PL n. 2.630\/2020).<\/p>\n<p>Um dos argumentos centrais que fundamentam o projeto de regula\u00e7\u00e3o das m\u00eddias sociais \u00e9 a ideia de que essas plataformas n\u00e3o podem ser tratadas simplesmente como patrim\u00f4nios privados dos seus donos ou s\u00f3cios, uma vez que elas desempenham um papel crucial na <b>dissemina\u00e7\u00e3o de informa\u00e7\u00e3o e no exerc\u00edcio da liberdade de express\u00e3o<\/b>, ambos pilares essenciais para a democracia.<\/p>\n<p>O <b><i>PL das Fake News<\/i><\/b> prop\u00f5e a regulamenta\u00e7\u00e3o das plataformas digitais com base no entendimento de que, apesar de serem propriedades privadas, as redes sociais exercem fun\u00e7\u00f5es que <b>transcendem o interesse privado<\/b>, atingindo uma dimens\u00e3o p\u00fablica relevante.<\/p>\n<p>As plataformas, ao intermediarem o direito \u00e0 liberdade de express\u00e3o e \u00e0 informa\u00e7\u00e3o, adquirem uma <b><i>natureza h\u00edbrida<\/i><\/b>, onde interesses privados dos propriet\u00e1rios e a fun\u00e7\u00e3o p\u00fablica das m\u00eddias sociais coexistem, devendo, portanto, serem reguladas de forma que garantam o respeito \u00e0 ordem democr\u00e1tica e aos direitos fundamentais.<\/p>\n<p><b>Suspens\u00e3o do X e o tratamento como bem privado<\/b><\/p>\n<p>No entanto, ao determinar a suspens\u00e3o da plataforma X, o STF pareceu tratar a rede social como um bem exclusivamente privado, sujeito \u00e0s <b>san\u00e7\u00f5es t\u00edpicas<\/b> de uma empresa que descumpre decis\u00f5es judiciais. A decis\u00e3o do Ministro Alexandre de Moraes imp\u00f4s restri\u00e7\u00f5es que culminaram na suspens\u00e3o do servi\u00e7o, considerando a plataforma como uma extens\u00e3o direta dos interesses e responsabilidades de seu propriet\u00e1rio.<\/p>\n<p>Esse enfoque, embora juridicamente justific\u00e1vel dentro do contexto do descumprimento de ordens judiciais, pode ser criticado por n\u00e3o considerar adequadamente o <b>impacto que a suspens\u00e3o de uma rede social t\u00e3o abrangente pode ter sobre o interesse p\u00fablico<\/b>. A suspens\u00e3o de uma plataforma que \u00e9 utilizada por milh\u00f5es de pessoas para se informar, comunicar e participar do debate p\u00fablico vai al\u00e9m de uma simples san\u00e7\u00e3o a uma empresa privada \u2014 ela afeta diretamente o exerc\u00edcio da liberdade de express\u00e3o e o acesso \u00e0 informa\u00e7\u00e3o de toda a popula\u00e7\u00e3o.<\/p>\n<p><b>Contradi\u00e7\u00e3o entre Regula\u00e7\u00e3o e San\u00e7\u00e3o<\/b><\/p>\n<p>O contraste entre o tratamento dado \u00e0 plataforma X como um <b>bem privado<\/b> pass\u00edvel de suspens\u00e3o e a vis\u00e3o regulat\u00f3ria que fundamenta o <i>PL das Fake News<\/i> evidencia uma <b>contradi\u00e7\u00e3o<\/b>. Se, por um lado, a regula\u00e7\u00e3o das m\u00eddias sociais prop\u00f5e que elas devem ser vistas como <b>instrumentos de interesse p\u00fablico que servem \u00e0 sociedade<\/b>, garantindo a pluralidade de vozes e a dissemina\u00e7\u00e3o de informa\u00e7\u00f5es, por outro, a suspens\u00e3o total de uma dessas plataformas parece ignorar esse papel p\u00fablico e tratar a rede social como um bem que pode ser simplesmente retirado do ar sem considerar suas consequ\u00eancias sociais.<\/p>\n<p>Ao suspender a plataforma X, o STF focou na penaliza\u00e7\u00e3o de uma empresa privada sem considerar plenamente as consequ\u00eancias sociais dessa medida. A retirada do ar de uma rede social amplamente utilizada afeta diretamente o direito da popula\u00e7\u00e3o de acessar informa\u00e7\u00f5es e participar do debate p\u00fablico, gerando um impacto negativo na esfera p\u00fablica de comunica\u00e7\u00e3o. Essa abordagem suscita cr\u00edticas quanto \u00e0 proporcionalidade da medida e \u00e0 necessidade de se encontrar um equil\u00edbrio entre a imposi\u00e7\u00e3o de san\u00e7\u00f5es e a preserva\u00e7\u00e3o do interesse p\u00fablico.<\/p>\n<p>Em \u00faltima an\u00e1lise, a decis\u00e3o do STF exp\u00f5e a tens\u00e3o entre a <b>obriga\u00e7\u00e3o de garantir o cumprimento das decis\u00f5es judiciais<\/b> e a <b>necessidade de proteger direitos fundamentais<\/b> que s\u00e3o exercidos atrav\u00e9s dessas plataformas. Embora a san\u00e7\u00e3o tenha sido motivada pelo leg\u00edtimo objetivo de impor o respeito \u00e0s ordens judiciais, a medida adotada pode ter sacrificado, de maneira <b><i>desproporcional<\/i><\/b>, o acesso a um servi\u00e7o essencial para a democracia e o exerc\u00edcio da cidadania.<\/p>\n<p>A situa\u00e7\u00e3o destaca a import\u00e2ncia de desenvolver <b>mecanismos de regula\u00e7\u00e3o e san\u00e7\u00e3o que levem em conta tanto a necessidade de responsabiliza\u00e7\u00e3o das empresas quanto a preserva\u00e7\u00e3o das fun\u00e7\u00f5es p\u00fablicas que essas plataformas desempenham<\/b>.<\/p>\n","protected":false},"excerpt":{"rendered":"<p>A decis\u00e3o do STF que determinou a suspens\u00e3o da plataforma X (antigo Twitter) no Brasil gerou um intenso debate sobre os limites entre a necessidade de cumprimento de decis\u00f5es judiciais e a preserva\u00e7\u00e3o de servi\u00e7os que transcendem o interesse particular de seus propriet\u00e1rios, assumindo relev\u00e2ncia p\u00fablica. Enquanto a san\u00e7\u00e3o imposta pela Corte visava garantir a [&hellip;]<\/p>\n","protected":false},"author":1,"featured_media":991,"comment_status":"open","ping_status":"open","sticky":false,"template":"","format":"standard","meta":{"footnotes":""},"categories":[4],"tags":[228,35,227],"class_list":["post-990","post","type-post","status-publish","format-standard","has-post-thumbnail","hentry","category-artigos","tag-fake-news","tag-stf","tag-twitter"],"_links":{"self":[{"href":"https:\/\/gabaritojuridico.com.br\/index.php?rest_route=\/wp\/v2\/posts\/990","targetHints":{"allow":["GET"]}}],"collection":[{"href":"https:\/\/gabaritojuridico.com.br\/index.php?rest_route=\/wp\/v2\/posts"}],"about":[{"href":"https:\/\/gabaritojuridico.com.br\/index.php?rest_route=\/wp\/v2\/types\/post"}],"author":[{"embeddable":true,"href":"https:\/\/gabaritojuridico.com.br\/index.php?rest_route=\/wp\/v2\/users\/1"}],"replies":[{"embeddable":true,"href":"https:\/\/gabaritojuridico.com.br\/index.php?rest_route=%2Fwp%2Fv2%2Fcomments&post=990"}],"version-history":[{"count":1,"href":"https:\/\/gabaritojuridico.com.br\/index.php?rest_route=\/wp\/v2\/posts\/990\/revisions"}],"predecessor-version":[{"id":992,"href":"https:\/\/gabaritojuridico.com.br\/index.php?rest_route=\/wp\/v2\/posts\/990\/revisions\/992"}],"wp:featuredmedia":[{"embeddable":true,"href":"https:\/\/gabaritojuridico.com.br\/index.php?rest_route=\/wp\/v2\/media\/991"}],"wp:attachment":[{"href":"https:\/\/gabaritojuridico.com.br\/index.php?rest_route=%2Fwp%2Fv2%2Fmedia&parent=990"}],"wp:term":[{"taxonomy":"category","embeddable":true,"href":"https:\/\/gabaritojuridico.com.br\/index.php?rest_route=%2Fwp%2Fv2%2Fcategories&post=990"},{"taxonomy":"post_tag","embeddable":true,"href":"https:\/\/gabaritojuridico.com.br\/index.php?rest_route=%2Fwp%2Fv2%2Ftags&post=990"}],"curies":[{"name":"wp","href":"https:\/\/api.w.org\/{rel}","templated":true}]}}