{"id":950,"date":"2024-07-08T10:01:08","date_gmt":"2024-07-08T13:01:08","guid":{"rendered":"https:\/\/gabaritojuridico.com.br\/?p=950"},"modified":"2024-07-08T11:09:26","modified_gmt":"2024-07-08T14:09:26","slug":"950","status":"publish","type":"post","link":"https:\/\/gabaritojuridico.com.br\/?p=950","title":{"rendered":"Julgamento virtual realizado com oposi\u00e7\u00e3o expressa e tempestiva da parte que requereu o julgamento presencial \u00e9 causa de nulidade ou cerceamento de defesa?"},"content":{"rendered":"<p><b>N\u00c3O<\/b>.<\/p>\n<p>O <b>STJ<\/b> consolidou entendimento no sentido de que n\u00e3o h\u00e1, no ordenamento jur\u00eddico, o direito de a parte exigir que o julgamento se realize por meio de sess\u00e3o presencial. Nesse sentido, o fato de o julgamento ter sido realizado de forma virtual, mesmo com a oposi\u00e7\u00e3o expressa e tempestiva da parte, n\u00e3o \u00e9, por si s\u00f3, causa de nulidade ou cerceamento de defesa.<\/p>\n<p>Mesmo nas hip\u00f3teses em que cabe sustenta\u00e7\u00e3o oral, se for garantido o exerc\u00edcio por meio de julgamento virtual, n\u00e3o h\u00e1 qualquer preju\u00edzo ou nulidade, ainda que a parte se oponha a essa forma de julgamento e requeira a sustenta\u00e7\u00e3o presencial, pois o direito de sustentar oralmente as suas razoes n\u00e3o significa que deva ser necessariamente na forma presencial.<\/p>\n<p>A mera alega\u00e7\u00e3o de que deve ser dada a oportunidade de acompanhamento do julgamento do recurso interposto e a indica\u00e7\u00e3o abstrata de relev\u00e2ncia da mat\u00e9ria n\u00e3o \u00e9 suficiente, por si s\u00f3, para demonstrar a necessidade de exclus\u00e3o do feito da pauta virtual.<\/p>\n<p><b>TESE<\/b>: A realiza\u00e7\u00e3o do julgamento de forma virtual, mesmo com a oposi\u00e7\u00e3o expressa da parte, n\u00e3o \u00e9, por si s\u00f3, causa de nulidade ou de cerceamento de defesa.<\/p>\n<p>AgRg no HC 832.679-BA, Rel. Ministro Ribeiro Dantas, Quinta Turma, por unanimidade, julgado em 15\/4\/2024, DJe 18\/4\/2024.<\/p>\n","protected":false},"excerpt":{"rendered":"<p>N\u00c3O. O STJ consolidou entendimento no sentido de que n\u00e3o h\u00e1, no ordenamento jur\u00eddico, o direito de a parte exigir que o julgamento se realize por meio de sess\u00e3o presencial. Nesse sentido, o fato de o julgamento ter sido realizado de forma virtual, mesmo com a oposi\u00e7\u00e3o expressa e tempestiva da parte, n\u00e3o \u00e9, por [&hellip;]<\/p>\n","protected":false},"author":1,"featured_media":951,"comment_status":"open","ping_status":"open","sticky":false,"template":"","format":"standard","meta":{"footnotes":""},"categories":[143],"tags":[217,216,215,25],"class_list":["post-950","post","type-post","status-publish","format-standard","has-post-thumbnail","hentry","category-pilulas-juridicas","tag-agravo-regimental","tag-cerceamento-de-defesa","tag-julgamento-virtual","tag-stj"],"_links":{"self":[{"href":"https:\/\/gabaritojuridico.com.br\/index.php?rest_route=\/wp\/v2\/posts\/950","targetHints":{"allow":["GET"]}}],"collection":[{"href":"https:\/\/gabaritojuridico.com.br\/index.php?rest_route=\/wp\/v2\/posts"}],"about":[{"href":"https:\/\/gabaritojuridico.com.br\/index.php?rest_route=\/wp\/v2\/types\/post"}],"author":[{"embeddable":true,"href":"https:\/\/gabaritojuridico.com.br\/index.php?rest_route=\/wp\/v2\/users\/1"}],"replies":[{"embeddable":true,"href":"https:\/\/gabaritojuridico.com.br\/index.php?rest_route=%2Fwp%2Fv2%2Fcomments&post=950"}],"version-history":[{"count":2,"href":"https:\/\/gabaritojuridico.com.br\/index.php?rest_route=\/wp\/v2\/posts\/950\/revisions"}],"predecessor-version":[{"id":953,"href":"https:\/\/gabaritojuridico.com.br\/index.php?rest_route=\/wp\/v2\/posts\/950\/revisions\/953"}],"wp:featuredmedia":[{"embeddable":true,"href":"https:\/\/gabaritojuridico.com.br\/index.php?rest_route=\/wp\/v2\/media\/951"}],"wp:attachment":[{"href":"https:\/\/gabaritojuridico.com.br\/index.php?rest_route=%2Fwp%2Fv2%2Fmedia&parent=950"}],"wp:term":[{"taxonomy":"category","embeddable":true,"href":"https:\/\/gabaritojuridico.com.br\/index.php?rest_route=%2Fwp%2Fv2%2Fcategories&post=950"},{"taxonomy":"post_tag","embeddable":true,"href":"https:\/\/gabaritojuridico.com.br\/index.php?rest_route=%2Fwp%2Fv2%2Ftags&post=950"}],"curies":[{"name":"wp","href":"https:\/\/api.w.org\/{rel}","templated":true}]}}