{"id":923,"date":"2024-06-26T11:39:54","date_gmt":"2024-06-26T14:39:54","guid":{"rendered":"https:\/\/gabaritojuridico.com.br\/?p=923"},"modified":"2024-06-26T11:39:54","modified_gmt":"2024-06-26T14:39:54","slug":"direito-a-livre-expressao-x-liberdade-de-manifestacao-do-pensamento","status":"publish","type":"post","link":"https:\/\/gabaritojuridico.com.br\/?p=923","title":{"rendered":"Direito \u00e0 livre express\u00e3o X Liberdade de manifesta\u00e7\u00e3o do pensamento"},"content":{"rendered":"<p>Qual a diferen\u00e7a entre os dois institutos?<\/p>\n<p>Enquanto a <b>tutela da liberdade de manifesta\u00e7\u00e3o do pensamento<\/b> \u00e9 assegurada \u00e0 <b>imprensa<\/b> para a veicula\u00e7\u00e3o de <b>fatos<\/b>, devendo se ater \u00e0 veracidade do que \u00e9 noticiado, o <b>direito da livre express\u00e3o<\/b> pode ter conota\u00e7\u00e3o <b>exagerada<\/b> ou <b>sat\u00edrica<\/b>.<\/p>\n<p>Nesse sentido, a <b>imita\u00e7\u00e3o<\/b> constitui representa\u00e7\u00e3o por meio da qual caracter\u00edsticas &#8211; gestos e vozes &#8211; de personalidade conhecida s\u00e3o reproduzidas e em geral utilizadas na seara da <b>comicidade<\/b>. Portanto, a representa\u00e7\u00e3o humor\u00edstica que explora carater\u00edsticas pessoais de pessoa p\u00fablica cujos tra\u00e7os individuais s\u00e3o imitados \u00e9 tutelada pelo <b>direito \u00e0 livre express\u00e3o<\/b>.<\/p>\n<p>O livre exerc\u00edcio do direito de <b>par\u00f3dia<\/b>, que corresponde \u00e0 reprodu\u00e7\u00e3o de obra liter\u00e1ria, teatral ou musical, como previsto no art. 47 da Lei 9.610\/98, por extens\u00e3o conceitual, confere o mesmo efeito \u00e0 conduta de imitar, de forma intencional, determinado comportamento.<\/p>\n<ul>\n<li><em>Art. 47. S\u00e3o livres as par\u00e1frases e par\u00f3dias que n\u00e3o forem verdadeiras reprodu\u00e7\u00f5es da obra origin\u00e1ria nem lhe implicarem descr\u00e9dito.<\/em><\/li>\n<\/ul>\n<p>Nesse sentido, desde que n\u00e3o ultrapassados os limites relativos \u00e0 <b>privacidade<\/b> ou \u00e0 <b>intimidade<\/b> daquele cujas caracter\u00edsticas s\u00e3o evidenciadas por meio de representa\u00e7\u00e3o de car\u00e1ter <b>humor\u00edstico<\/b>, n\u00e3o h\u00e1 falar em ofensa aos <b>direitos da personalidade<\/b>. Ademais, n\u00e3o deve ser admitida a <b>censura pr\u00e9via<\/b> especialmente para obstar o exerc\u00edcio da livre express\u00e3o art\u00edstica, tal como aquela promovida por imitador c\u00f4mico.<\/p>\n<p>REsp 1.678.441-SP, julgado em 16\/5\/2024 (Info 815).<\/p>\n","protected":false},"excerpt":{"rendered":"<p>Qual a diferen\u00e7a entre os dois institutos? Enquanto a tutela da liberdade de manifesta\u00e7\u00e3o do pensamento \u00e9 assegurada \u00e0 imprensa para a veicula\u00e7\u00e3o de fatos, devendo se ater \u00e0 veracidade do que \u00e9 noticiado, o direito da livre express\u00e3o pode ter conota\u00e7\u00e3o exagerada ou sat\u00edrica. Nesse sentido, a imita\u00e7\u00e3o constitui representa\u00e7\u00e3o por meio da qual [&hellip;]<\/p>\n","protected":false},"author":1,"featured_media":924,"comment_status":"open","ping_status":"open","sticky":false,"template":"","format":"standard","meta":{"footnotes":""},"categories":[1],"tags":[208,207,203],"class_list":["post-923","post","type-post","status-publish","format-standard","has-post-thumbnail","hentry","category-sem-categoria","tag-liberdade-de-expressao","tag-livre-expressao","tag-recurso-especial"],"_links":{"self":[{"href":"https:\/\/gabaritojuridico.com.br\/index.php?rest_route=\/wp\/v2\/posts\/923","targetHints":{"allow":["GET"]}}],"collection":[{"href":"https:\/\/gabaritojuridico.com.br\/index.php?rest_route=\/wp\/v2\/posts"}],"about":[{"href":"https:\/\/gabaritojuridico.com.br\/index.php?rest_route=\/wp\/v2\/types\/post"}],"author":[{"embeddable":true,"href":"https:\/\/gabaritojuridico.com.br\/index.php?rest_route=\/wp\/v2\/users\/1"}],"replies":[{"embeddable":true,"href":"https:\/\/gabaritojuridico.com.br\/index.php?rest_route=%2Fwp%2Fv2%2Fcomments&post=923"}],"version-history":[{"count":1,"href":"https:\/\/gabaritojuridico.com.br\/index.php?rest_route=\/wp\/v2\/posts\/923\/revisions"}],"predecessor-version":[{"id":925,"href":"https:\/\/gabaritojuridico.com.br\/index.php?rest_route=\/wp\/v2\/posts\/923\/revisions\/925"}],"wp:featuredmedia":[{"embeddable":true,"href":"https:\/\/gabaritojuridico.com.br\/index.php?rest_route=\/wp\/v2\/media\/924"}],"wp:attachment":[{"href":"https:\/\/gabaritojuridico.com.br\/index.php?rest_route=%2Fwp%2Fv2%2Fmedia&parent=923"}],"wp:term":[{"taxonomy":"category","embeddable":true,"href":"https:\/\/gabaritojuridico.com.br\/index.php?rest_route=%2Fwp%2Fv2%2Fcategories&post=923"},{"taxonomy":"post_tag","embeddable":true,"href":"https:\/\/gabaritojuridico.com.br\/index.php?rest_route=%2Fwp%2Fv2%2Ftags&post=923"}],"curies":[{"name":"wp","href":"https:\/\/api.w.org\/{rel}","templated":true}]}}