{"id":919,"date":"2024-06-25T09:35:38","date_gmt":"2024-06-25T12:35:38","guid":{"rendered":"https:\/\/gabaritojuridico.com.br\/?p=919"},"modified":"2024-06-25T09:35:38","modified_gmt":"2024-06-25T12:35:38","slug":"conjuges-podem-ocupar-concomitante-na-mesma-unidade-da-federacao-os-cargos-de-chefe-do-poder-executivo-e-de-presidente-da-casa-legislativa","status":"publish","type":"post","link":"https:\/\/gabaritojuridico.com.br\/?p=919","title":{"rendered":"C\u00f4njuges podem ocupar, concomitante na mesma unidade da Federa\u00e7\u00e3o, os cargos de chefe do Poder Executivo e de presidente da Casa Legislativa?"},"content":{"rendered":"<p><b>SIM<\/b>.<\/p>\n<p>A <b>inelegibilidade<\/b> por <b>parentesco<\/b>, prevista no art. 14, \u00a7 7\u00ba, da CF\/88, n\u00e3o impede que c\u00f4njuges, companheiros ou parentes em linha reta, colateral ou por afinidade, at\u00e9 o segundo grau, ocupem, concomitantemente e na mesma unidade da Federa\u00e7\u00e3o, os cargos de chefe do Poder Executivo e de presidente da Casa Legislativa:<\/p>\n<ul>\n<li><em>7\u00ba S\u00e3o ineleg\u00edveis, no territ\u00f3rio de jurisdi\u00e7\u00e3o do titular, o c\u00f4njuge e os parentes consang\u00fc\u00edneos ou afins, at\u00e9 o segundo grau ou por ado\u00e7\u00e3o, do Presidente da Rep\u00fablica, de Governador de Estado ou Territ\u00f3rio, do Distrito Federal, de Prefeito ou de quem os haja substitu\u00eddo dentro dos seis meses anteriores ao pleito, salvo se j\u00e1 titular de mandato eletivo e candidato \u00e0 reelei\u00e7\u00e3o.<\/em><\/li>\n<\/ul>\n<p>A regra de <b>inelegibilidade reflexa<\/b>, prevista na norma constitucional mencionada, limita o exerc\u00edcio dos direitos pol\u00edticos fundamentais, raz\u00e3o pela qual deve ser <b>interpretada restritivamente<\/b>.<\/p>\n<p>A ocupa\u00e7\u00e3o simult\u00e2nea das chefias do Poder Executivo e do Poder Legislativo nos \u00e2mbitos municipal, estadual e federal, por pessoas com alguma rela\u00e7\u00e3o familiar, n\u00e3o representa, por si s\u00f3, preju\u00edzo \u00e0 fiscaliza\u00e7\u00e3o dos atos do Executivo pelo Legislativo ou comprometimento do equil\u00edbrio entre os Poderes, notadamente porque essa responsabilidade fiscalizat\u00f3ria cabe a todos os parlamentares da respectiva Casa Legislativa.<\/p>\n<p>Por outro lado, o Poder Judici\u00e1rio pode examinar, quando provocado, casos concretos em que se demonstre que o exerc\u00edcio simult\u00e2neo das chefias do Poderes Legislativo e Executivo compromete os princ\u00edpios republicano e da separa\u00e7\u00e3o de Poderes.<\/p>\n<p>ADPF 1.089\/DF, julgado em 05\/06\/2024.<\/p>\n","protected":false},"excerpt":{"rendered":"<p>SIM. A inelegibilidade por parentesco, prevista no art. 14, \u00a7 7\u00ba, da CF\/88, n\u00e3o impede que c\u00f4njuges, companheiros ou parentes em linha reta, colateral ou por afinidade, at\u00e9 o segundo grau, ocupem, concomitantemente e na mesma unidade da Federa\u00e7\u00e3o, os cargos de chefe do Poder Executivo e de presidente da Casa Legislativa: 7\u00ba S\u00e3o ineleg\u00edveis, [&hellip;]<\/p>\n","protected":false},"author":1,"featured_media":920,"comment_status":"open","ping_status":"open","sticky":false,"template":"","format":"standard","meta":{"footnotes":""},"categories":[143],"tags":[204,205,206],"class_list":["post-919","post","type-post","status-publish","format-standard","has-post-thumbnail","hentry","category-pilulas-juridicas","tag-adpf","tag-inelegibilidade","tag-poder-executivo"],"_links":{"self":[{"href":"https:\/\/gabaritojuridico.com.br\/index.php?rest_route=\/wp\/v2\/posts\/919","targetHints":{"allow":["GET"]}}],"collection":[{"href":"https:\/\/gabaritojuridico.com.br\/index.php?rest_route=\/wp\/v2\/posts"}],"about":[{"href":"https:\/\/gabaritojuridico.com.br\/index.php?rest_route=\/wp\/v2\/types\/post"}],"author":[{"embeddable":true,"href":"https:\/\/gabaritojuridico.com.br\/index.php?rest_route=\/wp\/v2\/users\/1"}],"replies":[{"embeddable":true,"href":"https:\/\/gabaritojuridico.com.br\/index.php?rest_route=%2Fwp%2Fv2%2Fcomments&post=919"}],"version-history":[{"count":1,"href":"https:\/\/gabaritojuridico.com.br\/index.php?rest_route=\/wp\/v2\/posts\/919\/revisions"}],"predecessor-version":[{"id":921,"href":"https:\/\/gabaritojuridico.com.br\/index.php?rest_route=\/wp\/v2\/posts\/919\/revisions\/921"}],"wp:featuredmedia":[{"embeddable":true,"href":"https:\/\/gabaritojuridico.com.br\/index.php?rest_route=\/wp\/v2\/media\/920"}],"wp:attachment":[{"href":"https:\/\/gabaritojuridico.com.br\/index.php?rest_route=%2Fwp%2Fv2%2Fmedia&parent=919"}],"wp:term":[{"taxonomy":"category","embeddable":true,"href":"https:\/\/gabaritojuridico.com.br\/index.php?rest_route=%2Fwp%2Fv2%2Fcategories&post=919"},{"taxonomy":"post_tag","embeddable":true,"href":"https:\/\/gabaritojuridico.com.br\/index.php?rest_route=%2Fwp%2Fv2%2Ftags&post=919"}],"curies":[{"name":"wp","href":"https:\/\/api.w.org\/{rel}","templated":true}]}}