{"id":915,"date":"2024-06-20T11:22:11","date_gmt":"2024-06-20T14:22:11","guid":{"rendered":"https:\/\/gabaritojuridico.com.br\/?p=915"},"modified":"2024-06-20T11:22:11","modified_gmt":"2024-06-20T14:22:11","slug":"a-absolvicao-criminal-fundamentada-na-atipicidade-da-conduta-pode-ocasionar-a-improcedencia-da-acao-de-improbidade-administrativa-sobre-o-mesmo-fato","status":"publish","type":"post","link":"https:\/\/gabaritojuridico.com.br\/?p=915","title":{"rendered":"A absolvi\u00e7\u00e3o criminal fundamentada na atipicidade da conduta pode ocasionar a improced\u00eancia da a\u00e7\u00e3o de improbidade administrativa sobre o mesmo fato?"},"content":{"rendered":"<p><b>N\u00c3O<\/b>.<\/p>\n<p>A absolvi\u00e7\u00e3o operada no Ju\u00edzo criminal somente se comunica com a esfera administrativa quando <b>negada a exist\u00eancia do fato ou da autoria<\/b> (AREsp n. 1.358.883\/RS, julgado em 3\/9\/2019).<\/p>\n<p>Apesar de o disposto no art. 21, \u00a7 4\u00ba, da Lei n. 8.429\/92, na reda\u00e7\u00e3o da Lei n. 14.230\/21, apontar que a &#8220;absolvi\u00e7\u00e3o criminal em a\u00e7\u00e3o que discuta os mesmos fatos, confirmada por decis\u00e3o colegiada, impede o tr\u00e2mite da a\u00e7\u00e3o da qual trata esta Lei, havendo comunica\u00e7\u00e3o com todos os fundamentos de absolvi\u00e7\u00e3o previstos no art. 386 do C\u00f3digo de Processo Penal&#8221;, tal disposi\u00e7\u00e3o est\u00e1 <b>suspensa<\/b> por liminar deferida na <b>ADI\/STF 7.236<\/b>.<\/p>\n<p>Por sua vez, nem sempre h\u00e1 correspond\u00eancia exata entre o <b>dolo<\/b> que autoriza a improced\u00eancia da a\u00e7\u00e3o penal por atipicidade da conduta com o dolo exigido no crime de apropria\u00e7\u00e3o.<\/p>\n<p><b>TESE<\/b>: A absolvi\u00e7\u00e3o criminal com fundamento na atipicidade da conduta n\u00e3o faz coisa julgada no ju\u00edzo c\u00edvel, considerando a independ\u00eancia das inst\u00e2ncias.<\/p>\n<p>Agint no REsp 1.991.470-MG, julgado em 11\/6\/2024 (Info 816).<\/p>\n","protected":false},"excerpt":{"rendered":"<p>N\u00c3O. A absolvi\u00e7\u00e3o operada no Ju\u00edzo criminal somente se comunica com a esfera administrativa quando negada a exist\u00eancia do fato ou da autoria (AREsp n. 1.358.883\/RS, julgado em 3\/9\/2019). Apesar de o disposto no art. 21, \u00a7 4\u00ba, da Lei n. 8.429\/92, na reda\u00e7\u00e3o da Lei n. 14.230\/21, apontar que a &#8220;absolvi\u00e7\u00e3o criminal em a\u00e7\u00e3o [&hellip;]<\/p>\n","protected":false},"author":1,"featured_media":916,"comment_status":"open","ping_status":"open","sticky":false,"template":"","format":"standard","meta":{"footnotes":""},"categories":[143],"tags":[202,176,201,203],"class_list":["post-915","post","type-post","status-publish","format-standard","has-post-thumbnail","hentry","category-pilulas-juridicas","tag-absolvicao","tag-direito-penal","tag-juizo-criminal","tag-recurso-especial"],"_links":{"self":[{"href":"https:\/\/gabaritojuridico.com.br\/index.php?rest_route=\/wp\/v2\/posts\/915","targetHints":{"allow":["GET"]}}],"collection":[{"href":"https:\/\/gabaritojuridico.com.br\/index.php?rest_route=\/wp\/v2\/posts"}],"about":[{"href":"https:\/\/gabaritojuridico.com.br\/index.php?rest_route=\/wp\/v2\/types\/post"}],"author":[{"embeddable":true,"href":"https:\/\/gabaritojuridico.com.br\/index.php?rest_route=\/wp\/v2\/users\/1"}],"replies":[{"embeddable":true,"href":"https:\/\/gabaritojuridico.com.br\/index.php?rest_route=%2Fwp%2Fv2%2Fcomments&post=915"}],"version-history":[{"count":1,"href":"https:\/\/gabaritojuridico.com.br\/index.php?rest_route=\/wp\/v2\/posts\/915\/revisions"}],"predecessor-version":[{"id":917,"href":"https:\/\/gabaritojuridico.com.br\/index.php?rest_route=\/wp\/v2\/posts\/915\/revisions\/917"}],"wp:featuredmedia":[{"embeddable":true,"href":"https:\/\/gabaritojuridico.com.br\/index.php?rest_route=\/wp\/v2\/media\/916"}],"wp:attachment":[{"href":"https:\/\/gabaritojuridico.com.br\/index.php?rest_route=%2Fwp%2Fv2%2Fmedia&parent=915"}],"wp:term":[{"taxonomy":"category","embeddable":true,"href":"https:\/\/gabaritojuridico.com.br\/index.php?rest_route=%2Fwp%2Fv2%2Fcategories&post=915"},{"taxonomy":"post_tag","embeddable":true,"href":"https:\/\/gabaritojuridico.com.br\/index.php?rest_route=%2Fwp%2Fv2%2Ftags&post=915"}],"curies":[{"name":"wp","href":"https:\/\/api.w.org\/{rel}","templated":true}]}}