{"id":908,"date":"2024-06-04T09:15:58","date_gmt":"2024-06-04T12:15:58","guid":{"rendered":"https:\/\/gabaritojuridico.com.br\/?p=908"},"modified":"2024-06-04T09:15:58","modified_gmt":"2024-06-04T12:15:58","slug":"acao-de-improbidade-e-indisponibilidade-de-bens","status":"publish","type":"post","link":"https:\/\/gabaritojuridico.com.br\/?p=908","title":{"rendered":"A\u00e7\u00e3o de improbidade e indisponibilidade de bens"},"content":{"rendered":"<p>Para fins de <b>indisponibilidade de bens<\/b>, a responsabilidade de agentes \u00edmprobos \u00e9 <b>solid\u00e1ria<\/b> e permite a constri\u00e7\u00e3o patrimonial em sua totalidade, sem necessidade de divis\u00e3o <i>pro rata<\/i>?<\/p>\n<p><b>SIM<\/b>.<\/p>\n<p>H\u00e1 <b>solidariedade<\/b> entre os corr\u00e9us da a\u00e7\u00e3o de improbidade, de modo que a <b>constri\u00e7\u00e3o<\/b> deve recair sobre os <b>bens de todos<\/b>, sem divis\u00e3o em quota-parte, ao menos at\u00e9 a instru\u00e7\u00e3o final da A\u00e7\u00e3o de Improbidade, quando ocorrer\u00e1 a delimita\u00e7\u00e3o da quota de cada agente pelo ressarcimento.<\/p>\n<p>\u00c9 <b>defeso<\/b> que o bloqueio corresponda ao d\u00e9bito total em rela\u00e7\u00e3o a <b>cada um<\/b>?<\/p>\n<p><b>SIM<\/b>.<\/p>\n<p>O valor a ser indisponibilizado para assegurar o ressarcimento ao er\u00e1rio deve ser garantido por qualquer um deles, limitando-se a medida constritiva ao <i>quantum<\/i> determinado pelo juiz, sendo defeso que o <b>bloqueio<\/b> corresponda ao <b>d\u00e9bito total<\/b> em rela\u00e7\u00e3o a <b>cada um<\/b>.<\/p>\n<p>Assim, \u00e9 poss\u00edvel a <b>constri\u00e7\u00e3o<\/b> em <b>valores desiguais<\/b> entre os r\u00e9us, desde que o <b>somat\u00f3rio<\/b> <b>n\u00e3o ultrapasse<\/b> o montante indicado na peti\u00e7\u00e3o inicial como dano ao Er\u00e1rio ou como enriquecimento il\u00edcito.<\/p>\n<p>Devem ser <b>liberados<\/b> os valores bloqueados que <b>ultrapassarem<\/b> tal <i>quantum<\/i>. A restri\u00e7\u00e3o legal diz respeito apenas a que o <b>somat\u00f3rio<\/b> n\u00e3o ultrapasse o montante indicado na peti\u00e7\u00e3o inicial ou outro valor definido pelo juiz.<\/p>\n<p>REsp 1.955.116-AM, julgado em 22\/5\/2024 (Tema 1213).<\/p>\n","protected":false},"excerpt":{"rendered":"<p>Para fins de indisponibilidade de bens, a responsabilidade de agentes \u00edmprobos \u00e9 solid\u00e1ria e permite a constri\u00e7\u00e3o patrimonial em sua totalidade, sem necessidade de divis\u00e3o pro rata? SIM. H\u00e1 solidariedade entre os corr\u00e9us da a\u00e7\u00e3o de improbidade, de modo que a constri\u00e7\u00e3o deve recair sobre os bens de todos, sem divis\u00e3o em quota-parte, ao menos [&hellip;]<\/p>\n","protected":false},"author":1,"featured_media":909,"comment_status":"open","ping_status":"open","sticky":false,"template":"","format":"standard","meta":{"footnotes":""},"categories":[1],"tags":[200,199,25],"class_list":["post-908","post","type-post","status-publish","format-standard","has-post-thumbnail","hentry","category-sem-categoria","tag-bens-imoveis","tag-bens-moveis","tag-stj"],"_links":{"self":[{"href":"https:\/\/gabaritojuridico.com.br\/index.php?rest_route=\/wp\/v2\/posts\/908","targetHints":{"allow":["GET"]}}],"collection":[{"href":"https:\/\/gabaritojuridico.com.br\/index.php?rest_route=\/wp\/v2\/posts"}],"about":[{"href":"https:\/\/gabaritojuridico.com.br\/index.php?rest_route=\/wp\/v2\/types\/post"}],"author":[{"embeddable":true,"href":"https:\/\/gabaritojuridico.com.br\/index.php?rest_route=\/wp\/v2\/users\/1"}],"replies":[{"embeddable":true,"href":"https:\/\/gabaritojuridico.com.br\/index.php?rest_route=%2Fwp%2Fv2%2Fcomments&post=908"}],"version-history":[{"count":2,"href":"https:\/\/gabaritojuridico.com.br\/index.php?rest_route=\/wp\/v2\/posts\/908\/revisions"}],"predecessor-version":[{"id":911,"href":"https:\/\/gabaritojuridico.com.br\/index.php?rest_route=\/wp\/v2\/posts\/908\/revisions\/911"}],"wp:featuredmedia":[{"embeddable":true,"href":"https:\/\/gabaritojuridico.com.br\/index.php?rest_route=\/wp\/v2\/media\/909"}],"wp:attachment":[{"href":"https:\/\/gabaritojuridico.com.br\/index.php?rest_route=%2Fwp%2Fv2%2Fmedia&parent=908"}],"wp:term":[{"taxonomy":"category","embeddable":true,"href":"https:\/\/gabaritojuridico.com.br\/index.php?rest_route=%2Fwp%2Fv2%2Fcategories&post=908"},{"taxonomy":"post_tag","embeddable":true,"href":"https:\/\/gabaritojuridico.com.br\/index.php?rest_route=%2Fwp%2Fv2%2Ftags&post=908"}],"curies":[{"name":"wp","href":"https:\/\/api.w.org\/{rel}","templated":true}]}}