{"id":877,"date":"2024-05-16T11:03:18","date_gmt":"2024-05-16T14:03:18","guid":{"rendered":"https:\/\/gabaritojuridico.com.br\/?p=877"},"modified":"2024-05-16T11:07:08","modified_gmt":"2024-05-16T14:07:08","slug":"abuso-sexual-e-termo-inicial-da-prescricao-para-indenizacao-por-danos-morais-e-materiais","status":"publish","type":"post","link":"https:\/\/gabaritojuridico.com.br\/?p=877","title":{"rendered":"Abuso sexual e termo inicial da prescri\u00e7\u00e3o para indeniza\u00e7\u00e3o por danos morais e materiais"},"content":{"rendered":"<p style=\"text-align: justify;\">O termo inicial da prescri\u00e7\u00e3o nos casos de abuso sexual durante a inf\u00e2ncia e adolesc\u00eancia \u00e9 automaticamente vinculado \u00e0 maioridade civil?<\/p>\n<p style=\"text-align: justify;\"><b>N\u00c3O<\/b>.<\/p>\n<p style=\"text-align: justify;\">Para o <b>STJ<\/b>, \u00e9 essencial analisar o <b>momento<\/b> em que a v\u00edtima tomou <b>plena ci\u00eancia<\/b> dos <b>danos<\/b> em sua vida, aplicando-se a <b>teoria subjetiva da <\/b><b><i>actio nata<\/i><\/b><b>.<\/b><\/p>\n<p style=\"text-align: justify;\">O <b>abuso sexual<\/b> contra menores de idade ocasiona <b>danos permanentes<\/b>, deixando cicatrizes emocionais, cognitivas e comportamentais que podem <b>perdurar<\/b> ao longo da vida da v\u00edtima.<\/p>\n<p style=\"text-align: justify;\">Por sua vez, esses danos podem se manifestar de maneira mais percept\u00edvel em determinadas \u00e9pocas da vida da pessoa, muitas vezes em resposta a acontecimentos espec\u00edficos.<\/p>\n<p style=\"text-align: justify;\">Embora os danos do abuso sexual sejam intrinsecamente permanentes, sua <b>manifesta\u00e7\u00e3o pode variar ao longo do tempo<\/b> e em resposta a diferentes <b>eventos<\/b> ou <b>est\u00e1gios<\/b> da vida da v\u00edtima.<\/p>\n<p style=\"text-align: justify;\">Nesse sentido, \u00e9 <b>desarrazoado<\/b> exigir da v\u00edtima de abuso sexual a <b>imediata<\/b> atua\u00e7\u00e3o no ex\u00edguo prazo prescricional de <b>3 (tr\u00eas) anos ap\u00f3s atingir a maioridade civil<\/b> (art. 206, \u00a7 3\u00ba, V, do CC\/02).<\/p>\n<p style=\"text-align: justify;\">Em regra, o <b>STJ<\/b> adota para o c\u00f4mputo da prescri\u00e7\u00e3o a teoria objetiva da <i>actio nata<\/i>, considerando a data da efetiva viola\u00e7\u00e3o ao direito como marco inicial para a contagem (art. 189 do CC\/2002).<\/p>\n<p style=\"text-align: justify;\">Contudo, em <b>situa\u00e7\u00f5es peculiares<\/b>, nas quais a v\u00edtima <b>n\u00e3o det\u00e9m plena consci\u00eancia do dano<\/b> nem de sua extens\u00e3o, a jurisprud\u00eancia do <b>STJ<\/b> tem adotado a <b>teoria subjetiva da <\/b><b><i>actio nata<\/i><\/b>, elegendo a <b>data da ci\u00eancia<\/b> como termo inicial da prescri\u00e7\u00e3o.<\/p>\n<p style=\"text-align: justify;\">A <b>teoria subjetiva da <\/b><b><i>actio nata<\/i><\/b> \u00e9 especialmente relevante no contexto de <b>abuso sexual<\/b> <b>infantil<\/b>, em que o ofendido pode n\u00e3o ter <b>plena consci\u00eancia<\/b> do dano sofrido at\u00e9 <b>d\u00e9cadas ap\u00f3s<\/b> o ocorrido, quando o trauma come\u00e7a a se manifestar de forma mais evidente.<\/p>\n<p style=\"text-align: justify;\">Assim, \u00e9 imprescind\u00edvel <b>conceder \u00e0 v\u00edtima<\/b> a <b>oportunidade<\/b> de <b>comprovar<\/b> o momento em que <b>constatou os transtornos<\/b> decorrentes do abuso sexual, a fim de estabelecer o <b>termo inicial<\/b> de contagem do prazo prescricional para a repara\u00e7\u00e3o civil.<\/p>\n<p style=\"text-align: justify;\">REsp 2.123.047-SP, julgado em 23\/4\/2024.<\/p>\n","protected":false},"excerpt":{"rendered":"<p>O termo inicial da prescri\u00e7\u00e3o nos casos de abuso sexual durante a inf\u00e2ncia e adolesc\u00eancia \u00e9 automaticamente vinculado \u00e0 maioridade civil? N\u00c3O. Para o STJ, \u00e9 essencial analisar o momento em que a v\u00edtima tomou plena ci\u00eancia dos danos em sua vida, aplicando-se a teoria subjetiva da actio nata. O abuso sexual contra menores de [&hellip;]<\/p>\n","protected":false},"author":1,"featured_media":878,"comment_status":"open","ping_status":"open","sticky":false,"template":"","format":"standard","meta":{"footnotes":""},"categories":[143],"tags":[],"class_list":["post-877","post","type-post","status-publish","format-standard","has-post-thumbnail","hentry","category-pilulas-juridicas"],"_links":{"self":[{"href":"https:\/\/gabaritojuridico.com.br\/index.php?rest_route=\/wp\/v2\/posts\/877","targetHints":{"allow":["GET"]}}],"collection":[{"href":"https:\/\/gabaritojuridico.com.br\/index.php?rest_route=\/wp\/v2\/posts"}],"about":[{"href":"https:\/\/gabaritojuridico.com.br\/index.php?rest_route=\/wp\/v2\/types\/post"}],"author":[{"embeddable":true,"href":"https:\/\/gabaritojuridico.com.br\/index.php?rest_route=\/wp\/v2\/users\/1"}],"replies":[{"embeddable":true,"href":"https:\/\/gabaritojuridico.com.br\/index.php?rest_route=%2Fwp%2Fv2%2Fcomments&post=877"}],"version-history":[{"count":3,"href":"https:\/\/gabaritojuridico.com.br\/index.php?rest_route=\/wp\/v2\/posts\/877\/revisions"}],"predecessor-version":[{"id":881,"href":"https:\/\/gabaritojuridico.com.br\/index.php?rest_route=\/wp\/v2\/posts\/877\/revisions\/881"}],"wp:featuredmedia":[{"embeddable":true,"href":"https:\/\/gabaritojuridico.com.br\/index.php?rest_route=\/wp\/v2\/media\/878"}],"wp:attachment":[{"href":"https:\/\/gabaritojuridico.com.br\/index.php?rest_route=%2Fwp%2Fv2%2Fmedia&parent=877"}],"wp:term":[{"taxonomy":"category","embeddable":true,"href":"https:\/\/gabaritojuridico.com.br\/index.php?rest_route=%2Fwp%2Fv2%2Fcategories&post=877"},{"taxonomy":"post_tag","embeddable":true,"href":"https:\/\/gabaritojuridico.com.br\/index.php?rest_route=%2Fwp%2Fv2%2Ftags&post=877"}],"curies":[{"name":"wp","href":"https:\/\/api.w.org\/{rel}","templated":true}]}}