{"id":859,"date":"2024-04-25T10:33:22","date_gmt":"2024-04-25T13:33:22","guid":{"rendered":"https:\/\/gabaritojuridico.com.br\/?p=859"},"modified":"2024-04-25T10:41:01","modified_gmt":"2024-04-25T13:41:01","slug":"859","status":"publish","type":"post","link":"https:\/\/gabaritojuridico.com.br\/?p=859","title":{"rendered":"Responsabilidade civil estado disparo sem pericia"},"content":{"rendered":"<p>H\u00e1 <b>responsabilidade estatal<\/b> por <b>morte<\/b> de v\u00edtima de disparo de arma de fogo durante <b>opera\u00e7\u00f5es policiais<\/b> ou militares em <b>comunidades<\/b>, ainda que a <b>per\u00edcia<\/b> sobre a origem do disparo seja <b>inconclusiva<\/b>?<\/p>\n<p><b>SIM<\/b>.<\/p>\n<p>Segundo o <b>STJ<\/b>, a <b>responsabilidade civil do Estado<\/b> nesse caso \u00e9 <b>objetiva<\/b> e deve obedi\u00eancia \u00e0 <b>Teoria do Risco Administrativo <\/b>(art. 37, \u00a76\u00ba, da CF), sendo <b>\u00f4nus<\/b> do <b>ente p\u00fablico<\/b> comprovar eventuais <b>excludentes<\/b> da responsabilidade tais como for\u00e7a maior, caso fortuito, fato exclusivo da v\u00edtima ou de terceiros (ARE 1.382.159 AgR, RE 841.526 (Tema 592 RG) e ADPF 635 MC-ED).<\/p>\n<p>A <b>inconclus\u00e3o<\/b> da <b>per\u00edcia<\/b> a respeito da origem do disparo <b>n\u00e3o \u00e9 suficiente<\/b>, por si s\u00f3, para <b>afastar<\/b> a responsabilidade civil do Estado, por constituir elemento <b>indici\u00e1rio<\/b>.<\/p>\n<p><b>TESE<\/b>: Em opera\u00e7\u00f5es de seguran\u00e7a p\u00fablica, \u00e0 luz da teoria do risco administrativo, ser\u00e1 objetiva a responsabilidade civil do Estado quando n\u00e3o for poss\u00edvel afast\u00e1-la pelo conjunto probat\u00f3rio, recaindo sobre ele o \u00f4nus de comprovar poss\u00edveis causas de exclus\u00e3o.<\/p>\n<p>ARE 1.385.315\/RJ (Tema 1.237 RG)<\/p>\n","protected":false},"excerpt":{"rendered":"<p>H\u00e1 responsabilidade estatal por morte de v\u00edtima de disparo de arma de fogo durante opera\u00e7\u00f5es policiais ou militares em comunidades, ainda que a per\u00edcia sobre a origem do disparo seja inconclusiva? SIM. Segundo o STJ, a responsabilidade civil do Estado nesse caso \u00e9 objetiva e deve obedi\u00eancia \u00e0 Teoria do Risco Administrativo (art. 37, \u00a76\u00ba, [&hellip;]<\/p>\n","protected":false},"author":1,"featured_media":860,"comment_status":"open","ping_status":"open","sticky":false,"template":"","format":"standard","meta":{"footnotes":""},"categories":[143],"tags":[135,182,84,181,25],"class_list":["post-859","post","type-post","status-publish","format-standard","has-post-thumbnail","hentry","category-pilulas-juridicas","tag-jurisprudencia","tag-operacoes-policiais","tag-responsabilidade-civil","tag-responsabilidade-civil-do-estado","tag-stj"],"_links":{"self":[{"href":"https:\/\/gabaritojuridico.com.br\/index.php?rest_route=\/wp\/v2\/posts\/859","targetHints":{"allow":["GET"]}}],"collection":[{"href":"https:\/\/gabaritojuridico.com.br\/index.php?rest_route=\/wp\/v2\/posts"}],"about":[{"href":"https:\/\/gabaritojuridico.com.br\/index.php?rest_route=\/wp\/v2\/types\/post"}],"author":[{"embeddable":true,"href":"https:\/\/gabaritojuridico.com.br\/index.php?rest_route=\/wp\/v2\/users\/1"}],"replies":[{"embeddable":true,"href":"https:\/\/gabaritojuridico.com.br\/index.php?rest_route=%2Fwp%2Fv2%2Fcomments&post=859"}],"version-history":[{"count":2,"href":"https:\/\/gabaritojuridico.com.br\/index.php?rest_route=\/wp\/v2\/posts\/859\/revisions"}],"predecessor-version":[{"id":863,"href":"https:\/\/gabaritojuridico.com.br\/index.php?rest_route=\/wp\/v2\/posts\/859\/revisions\/863"}],"wp:featuredmedia":[{"embeddable":true,"href":"https:\/\/gabaritojuridico.com.br\/index.php?rest_route=\/wp\/v2\/media\/860"}],"wp:attachment":[{"href":"https:\/\/gabaritojuridico.com.br\/index.php?rest_route=%2Fwp%2Fv2%2Fmedia&parent=859"}],"wp:term":[{"taxonomy":"category","embeddable":true,"href":"https:\/\/gabaritojuridico.com.br\/index.php?rest_route=%2Fwp%2Fv2%2Fcategories&post=859"},{"taxonomy":"post_tag","embeddable":true,"href":"https:\/\/gabaritojuridico.com.br\/index.php?rest_route=%2Fwp%2Fv2%2Ftags&post=859"}],"curies":[{"name":"wp","href":"https:\/\/api.w.org\/{rel}","templated":true}]}}