{"id":844,"date":"2024-04-15T08:58:25","date_gmt":"2024-04-15T11:58:25","guid":{"rendered":"https:\/\/gabaritojuridico.com.br\/?p=844"},"modified":"2024-04-15T09:02:35","modified_gmt":"2024-04-15T12:02:35","slug":"844","status":"publish","type":"post","link":"https:\/\/gabaritojuridico.com.br\/?p=844","title":{"rendered":"O que s\u00e3o as \u201csaidinhas\u201d? O que muda com a nova legisla\u00e7\u00e3o (Lei 14.843\/24)?"},"content":{"rendered":"<p>A \u201c<b>saidinha<\/b>\u201d, prevista na Lei de Execu\u00e7\u00e3o Penal (LEP), \u00e9 um <b>direito<\/b> conferido aos condenados a <b>regime semiaberto<\/b> que permite <b>at\u00e9 5 sa\u00eddas da pris\u00e3o ao ano<\/b>, normalmente durante as datas comemorativas.<\/p>\n<p>A <b>mudan\u00e7a legislativa<\/b> previa a <b>revoga\u00e7\u00e3o total<\/b> da sa\u00edda tempor\u00e1ria, mas o Presidente da Rep\u00fablica <b>VETOU<\/b> parcialmente o projeto de lei, <b>mantendo a \u201csaidinha\u201d<\/b> para os casos de <b>visita \u00e0 fam\u00edlia<\/b> e de participa\u00e7\u00e3o em <b>atividades<\/b> que colaborem para o <b>conv\u00edvio social.<\/b><\/p>\n<p>Por sua vez, passa a ser <b>proibida a sa\u00edda tempor\u00e1ria<\/b> de presos condenados por <b>quaisquer crimes hediondos<\/b> e n\u00e3o apenas por aqueles com resultado morte, como era na reda\u00e7\u00e3o anterior.<\/p>\n<p><b>Exame criminol\u00f3gico<\/b><\/p>\n<p>A LEP passa a prever que a <b>progress\u00e3o<\/b> de <b>regime<\/b> apenas poder\u00e1 ocorrer com <b>exame criminol\u00f3gico<\/b> pr\u00e9vio, que leva em conta aspectos psicol\u00f3gicos e psiqui\u00e1tricos.<\/p>\n<p><b>Tornozeleira eletr\u00f4nica<\/b><\/p>\n<p>Com a altera\u00e7\u00e3o legislativa, a <b>monitora\u00e7\u00e3o eletr\u00f4nica<\/b> pode ser imposta na <b>progress\u00e3o do condenado ao regime aberto<\/b>. A norma sancionada tamb\u00e9m permite a imposi\u00e7\u00e3o do uso de tornozeleira ao preso em <b>liberdade condicional<\/b>, <b>regime aberto<\/b> e <b>semiaberto<\/b>.<\/p>\n<p>Antes da modifica\u00e7\u00e3o, a LEP permitia a monitora\u00e7\u00e3o eletr\u00f4nica apenas no caso de progress\u00e3o para o regime semiaberto e para sa\u00edda tempor\u00e1ria e pris\u00e3o domiciliar.<\/p>\n","protected":false},"excerpt":{"rendered":"<p>A \u201csaidinha\u201d, prevista na Lei de Execu\u00e7\u00e3o Penal (LEP), \u00e9 um direito conferido aos condenados a regime semiaberto que permite at\u00e9 5 sa\u00eddas da pris\u00e3o ao ano, normalmente durante as datas comemorativas. A mudan\u00e7a legislativa previa a revoga\u00e7\u00e3o total da sa\u00edda tempor\u00e1ria, mas o Presidente da Rep\u00fablica VETOU parcialmente o projeto de lei, mantendo a [&hellip;]<\/p>\n","protected":false},"author":1,"featured_media":846,"comment_status":"open","ping_status":"open","sticky":false,"template":"","format":"standard","meta":{"footnotes":""},"categories":[143],"tags":[176,177,178,175],"class_list":["post-844","post","type-post","status-publish","format-standard","has-post-thumbnail","hentry","category-pilulas-juridicas","tag-direito-penal","tag-lei-de-execucao-penal","tag-regime-aberto","tag-saidinha"],"_links":{"self":[{"href":"https:\/\/gabaritojuridico.com.br\/index.php?rest_route=\/wp\/v2\/posts\/844","targetHints":{"allow":["GET"]}}],"collection":[{"href":"https:\/\/gabaritojuridico.com.br\/index.php?rest_route=\/wp\/v2\/posts"}],"about":[{"href":"https:\/\/gabaritojuridico.com.br\/index.php?rest_route=\/wp\/v2\/types\/post"}],"author":[{"embeddable":true,"href":"https:\/\/gabaritojuridico.com.br\/index.php?rest_route=\/wp\/v2\/users\/1"}],"replies":[{"embeddable":true,"href":"https:\/\/gabaritojuridico.com.br\/index.php?rest_route=%2Fwp%2Fv2%2Fcomments&post=844"}],"version-history":[{"count":2,"href":"https:\/\/gabaritojuridico.com.br\/index.php?rest_route=\/wp\/v2\/posts\/844\/revisions"}],"predecessor-version":[{"id":848,"href":"https:\/\/gabaritojuridico.com.br\/index.php?rest_route=\/wp\/v2\/posts\/844\/revisions\/848"}],"wp:featuredmedia":[{"embeddable":true,"href":"https:\/\/gabaritojuridico.com.br\/index.php?rest_route=\/wp\/v2\/media\/846"}],"wp:attachment":[{"href":"https:\/\/gabaritojuridico.com.br\/index.php?rest_route=%2Fwp%2Fv2%2Fmedia&parent=844"}],"wp:term":[{"taxonomy":"category","embeddable":true,"href":"https:\/\/gabaritojuridico.com.br\/index.php?rest_route=%2Fwp%2Fv2%2Fcategories&post=844"},{"taxonomy":"post_tag","embeddable":true,"href":"https:\/\/gabaritojuridico.com.br\/index.php?rest_route=%2Fwp%2Fv2%2Ftags&post=844"}],"curies":[{"name":"wp","href":"https:\/\/api.w.org\/{rel}","templated":true}]}}