{"id":833,"date":"2024-04-11T10:00:34","date_gmt":"2024-04-11T13:00:34","guid":{"rendered":"https:\/\/gabaritojuridico.com.br\/?p=833"},"modified":"2024-04-10T18:29:17","modified_gmt":"2024-04-10T21:29:17","slug":"invalidade-da-gravacao-realizada-por-um-dos-interlocutores","status":"publish","type":"post","link":"https:\/\/gabaritojuridico.com.br\/?p=833","title":{"rendered":"(In)validade da grava\u00e7\u00e3o realizada por um dos interlocutores"},"content":{"rendered":"<p>A <b>grava\u00e7\u00e3o<\/b> realizada por um dos interlocutores <b>sem o conhecimento<\/b> do outro, n\u00e3o protegida por sigilo legal, \u00e9 <b>prova v\u00e1lida<\/b>?<\/p>\n<p><b>SIM<\/b>.<\/p>\n<p>E a capta\u00e7\u00e3o ambiental realizada por particular, sem o conhecimento do interlocutor, e <b>com o aux\u00edlio do Minist\u00e9rio P\u00fablico ou da pol\u00edcia, \u00e9 legal?<\/b><\/p>\n<p><b>N\u00c3O.<\/b><\/p>\n<p>Para o STJ, a produ\u00e7\u00e3o da prova obtida com colabora\u00e7\u00e3o de \u00f3rg\u00e3os de persecu\u00e7\u00e3o penal deve observar as f\u00f3rmulas legais, tendo em conta a conten\u00e7\u00e3o da atua\u00e7\u00e3o estatal, observando as f\u00f3rmulas do devido processo legal.<\/p>\n<p>A permiss\u00e3o da coopera\u00e7\u00e3o de \u00f3rg\u00e3o de persecu\u00e7\u00e3o pode ensejar atua\u00e7\u00e3o abusiva, violadora de direitos e garantias do cidad\u00e3o, pairando d\u00favidas sobre se a iniciativa da grava\u00e7\u00e3o partiu da pr\u00f3pria parte envolvida ou do \u00f3rg\u00e3o estatal.<\/p>\n<p>A participa\u00e7\u00e3o do Minist\u00e9rio P\u00fablico na produ\u00e7\u00e3o da prova, fornecendo equipamento, aproxima o agente particular de um agente colaborador ou de um agente infiltrado e, consequentemente, de suas restri\u00e7\u00f5es.<\/p>\n<p><b>TESE<\/b>: A participa\u00e7\u00e3o dos \u00f3rg\u00e3os de persecu\u00e7\u00e3o estatal na grava\u00e7\u00e3o ambiental realizada por um dos interlocutores, sem pr\u00e9via autoriza\u00e7\u00e3o judicial, acarreta a ilicitude da prova.<\/p>\n<p>AgRg no RHC 150.343-GO, julgado em 15\/8\/2023.<\/p>\n","protected":false},"excerpt":{"rendered":"<p>A grava\u00e7\u00e3o realizada por um dos interlocutores sem o conhecimento do outro, n\u00e3o protegida por sigilo legal, \u00e9 prova v\u00e1lida? SIM. E a capta\u00e7\u00e3o ambiental realizada por particular, sem o conhecimento do interlocutor, e com o aux\u00edlio do Minist\u00e9rio P\u00fablico ou da pol\u00edcia, \u00e9 legal? N\u00c3O. Para o STJ, a produ\u00e7\u00e3o da prova obtida com [&hellip;]<\/p>\n","protected":false},"author":1,"featured_media":834,"comment_status":"open","ping_status":"open","sticky":false,"template":"","format":"standard","meta":{"footnotes":""},"categories":[143],"tags":[173,135,25],"class_list":["post-833","post","type-post","status-publish","format-standard","has-post-thumbnail","hentry","category-pilulas-juridicas","tag-gravacao","tag-jurisprudencia","tag-stj"],"_links":{"self":[{"href":"https:\/\/gabaritojuridico.com.br\/index.php?rest_route=\/wp\/v2\/posts\/833","targetHints":{"allow":["GET"]}}],"collection":[{"href":"https:\/\/gabaritojuridico.com.br\/index.php?rest_route=\/wp\/v2\/posts"}],"about":[{"href":"https:\/\/gabaritojuridico.com.br\/index.php?rest_route=\/wp\/v2\/types\/post"}],"author":[{"embeddable":true,"href":"https:\/\/gabaritojuridico.com.br\/index.php?rest_route=\/wp\/v2\/users\/1"}],"replies":[{"embeddable":true,"href":"https:\/\/gabaritojuridico.com.br\/index.php?rest_route=%2Fwp%2Fv2%2Fcomments&post=833"}],"version-history":[{"count":2,"href":"https:\/\/gabaritojuridico.com.br\/index.php?rest_route=\/wp\/v2\/posts\/833\/revisions"}],"predecessor-version":[{"id":836,"href":"https:\/\/gabaritojuridico.com.br\/index.php?rest_route=\/wp\/v2\/posts\/833\/revisions\/836"}],"wp:featuredmedia":[{"embeddable":true,"href":"https:\/\/gabaritojuridico.com.br\/index.php?rest_route=\/wp\/v2\/media\/834"}],"wp:attachment":[{"href":"https:\/\/gabaritojuridico.com.br\/index.php?rest_route=%2Fwp%2Fv2%2Fmedia&parent=833"}],"wp:term":[{"taxonomy":"category","embeddable":true,"href":"https:\/\/gabaritojuridico.com.br\/index.php?rest_route=%2Fwp%2Fv2%2Fcategories&post=833"},{"taxonomy":"post_tag","embeddable":true,"href":"https:\/\/gabaritojuridico.com.br\/index.php?rest_route=%2Fwp%2Fv2%2Ftags&post=833"}],"curies":[{"name":"wp","href":"https:\/\/api.w.org\/{rel}","templated":true}]}}