{"id":819,"date":"2024-04-08T09:55:31","date_gmt":"2024-04-08T12:55:31","guid":{"rendered":"https:\/\/gabaritojuridico.com.br\/?p=819"},"modified":"2024-04-08T09:56:55","modified_gmt":"2024-04-08T12:56:55","slug":"adocao-a-brasileira-e-paternidade-socioafetiva","status":"publish","type":"post","link":"https:\/\/gabaritojuridico.com.br\/?p=819","title":{"rendered":"Ado\u00e7\u00e3o \u00e0 brasileira e paternidade socioafetiva"},"content":{"rendered":"<p>A paternidade socioafetiva prevalece sobre a verdade biol\u00f3gica?<\/p>\n<p><b>SIM<\/b>. Para o <b>STJ<\/b>, em a\u00e7\u00f5es negat\u00f3rias de paternidade ajuizadas pelo pai registral, a paternidade <b>socioafetiva<\/b> <b>prevalece<\/b> sobre a verdade <b>biol\u00f3gica<\/b>.<\/p>\n<p>\u00c9 poss\u00edvel <b>desfazer<\/b> a \u201cado\u00e7\u00e3o \u00e0 brasileira\u201d?<\/p>\n<p><b>SIM<\/b>. \u00c9 sempre poss\u00edvel o desfazimento da &#8220;ado\u00e7\u00e3o \u00e0 brasileira&#8221; mesmo nos casos de v\u00ednculo socioafetivo, <b>se essa for a vontade do menor<\/b> por ocasi\u00e3o da maioridade. A manuten\u00e7\u00e3o do registro de nascimento n\u00e3o retira da crian\u00e7a o <b>direito de buscar sua identidade biol\u00f3gica<\/b> e de ter, em seus assentos civis, o nome do verdadeiro pai, mesmo na hip\u00f3tese de ado\u00e7\u00e3o regular.<\/p>\n<p>Em que consiste a chamada &#8220;<b>ado\u00e7\u00e3o \u00e0 brasileira<\/b>&#8220;?<\/p>\n<p>Ocorre quando <b>algu\u00e9m registra o filho de outra pessoa em seu pr\u00f3prio nome<\/b> que, apesar de ser tipificada como crime (art. 242 do C.P.), quando se fizer <b>fonte de v\u00ednculo socioafetivo<\/b> n\u00e3o consubstancia neg\u00f3cio jur\u00eddico sujeito a distrato por mera liberalidade.<\/p>\n<p>No <b>REsp 1.059.214<\/b>, o <b>STJ<\/b> decidiu que a paternidade deve ser considerada g\u00eanero do qual s\u00e3o esp\u00e9cies a <b>paternidade biol\u00f3gica<\/b> e a <b>socioafetiva<\/b>. Assim, para que seja desconstitu\u00edda eventual paternidade, \u00e9 indispens\u00e1vel a prova da <b>inexist\u00eancia de origem biol\u00f3gica<\/b> e, tamb\u00e9m, de que <b>n\u00e3o tenha sido constitu\u00eddo o estado de filia\u00e7\u00e3o<\/b>, fortemente marcado pelas rela\u00e7\u00f5es socioafetivas e edificado na conviv\u00eancia familiar.<\/p>\n<p>Se, ao registrar, foi realizada <b>declara\u00e7\u00e3o inver\u00eddica<\/b> quanto \u00e0 origem gen\u00e9tica, isso n\u00e3o retira o <b>des\u00edgnio de estabelecer com a crian\u00e7a v\u00ednculos afetivos<\/b> pr\u00f3prios do estado de filho, verdade social que \u00e9 suficiente, por si s\u00f3, para a manuten\u00e7\u00e3o do registro de nascimento e para o <b>afastamento<\/b> da alega\u00e7\u00e3o de <b>falsidade<\/b> ou <b>erro<\/b>.<\/p>\n","protected":false},"excerpt":{"rendered":"<p>A paternidade socioafetiva prevalece sobre a verdade biol\u00f3gica? SIM. Para o STJ, em a\u00e7\u00f5es negat\u00f3rias de paternidade ajuizadas pelo pai registral, a paternidade socioafetiva prevalece sobre a verdade biol\u00f3gica. \u00c9 poss\u00edvel desfazer a \u201cado\u00e7\u00e3o \u00e0 brasileira\u201d? SIM. \u00c9 sempre poss\u00edvel o desfazimento da &#8220;ado\u00e7\u00e3o \u00e0 brasileira&#8221; mesmo nos casos de v\u00ednculo socioafetivo, se essa for [&hellip;]<\/p>\n","protected":false},"author":1,"featured_media":820,"comment_status":"open","ping_status":"open","sticky":false,"template":"","format":"standard","meta":{"footnotes":""},"categories":[143],"tags":[170,135,171,25],"class_list":["post-819","post","type-post","status-publish","format-standard","has-post-thumbnail","hentry","category-pilulas-juridicas","tag-adocao","tag-jurisprudencia","tag-paternidade","tag-stj"],"_links":{"self":[{"href":"https:\/\/gabaritojuridico.com.br\/index.php?rest_route=\/wp\/v2\/posts\/819","targetHints":{"allow":["GET"]}}],"collection":[{"href":"https:\/\/gabaritojuridico.com.br\/index.php?rest_route=\/wp\/v2\/posts"}],"about":[{"href":"https:\/\/gabaritojuridico.com.br\/index.php?rest_route=\/wp\/v2\/types\/post"}],"author":[{"embeddable":true,"href":"https:\/\/gabaritojuridico.com.br\/index.php?rest_route=\/wp\/v2\/users\/1"}],"replies":[{"embeddable":true,"href":"https:\/\/gabaritojuridico.com.br\/index.php?rest_route=%2Fwp%2Fv2%2Fcomments&post=819"}],"version-history":[{"count":1,"href":"https:\/\/gabaritojuridico.com.br\/index.php?rest_route=\/wp\/v2\/posts\/819\/revisions"}],"predecessor-version":[{"id":821,"href":"https:\/\/gabaritojuridico.com.br\/index.php?rest_route=\/wp\/v2\/posts\/819\/revisions\/821"}],"wp:featuredmedia":[{"embeddable":true,"href":"https:\/\/gabaritojuridico.com.br\/index.php?rest_route=\/wp\/v2\/media\/820"}],"wp:attachment":[{"href":"https:\/\/gabaritojuridico.com.br\/index.php?rest_route=%2Fwp%2Fv2%2Fmedia&parent=819"}],"wp:term":[{"taxonomy":"category","embeddable":true,"href":"https:\/\/gabaritojuridico.com.br\/index.php?rest_route=%2Fwp%2Fv2%2Fcategories&post=819"},{"taxonomy":"post_tag","embeddable":true,"href":"https:\/\/gabaritojuridico.com.br\/index.php?rest_route=%2Fwp%2Fv2%2Ftags&post=819"}],"curies":[{"name":"wp","href":"https:\/\/api.w.org\/{rel}","templated":true}]}}