{"id":785,"date":"2024-03-26T08:32:31","date_gmt":"2024-03-26T11:32:31","guid":{"rendered":"https:\/\/gabaritojuridico.com.br\/?p=785"},"modified":"2024-03-26T08:49:43","modified_gmt":"2024-03-26T11:49:43","slug":"veiculos-de-imprensa-podem-ser-responsabilizados-por-declaracoes-de-entrevistados","status":"publish","type":"post","link":"https:\/\/gabaritojuridico.com.br\/?p=785","title":{"rendered":"Ve\u00edculos de imprensa podem ser responsabilizados por declara\u00e7\u00f5es de entrevistados?"},"content":{"rendered":"<p><b>SIM<\/b>.<\/p>\n<p>No <b>RE 1075412<\/b>, o <b>STF<\/b> definiu a seguinte tese:<\/p>\n<ol>\n<li>A plena prote\u00e7\u00e3o constitucional \u00e0 liberdade de imprensa \u00e9 consagrada pelo <b>bin\u00f4mio liberdade com responsabilidade<\/b>, vedada qualquer esp\u00e9cie de censura pr\u00e9via. Admite-se a possibilidade posterior de an\u00e1lise e responsabiliza\u00e7\u00e3o, inclusive com remo\u00e7\u00e3o de conte\u00fado, por informa\u00e7\u00f5es comprovadamente injuriosas, difamantes, caluniosas, mentirosas, e em rela\u00e7\u00e3o a eventuais danos materiais e morais. Isso porque os direitos \u00e0 honra, intimidade, vida privada e \u00e0 pr\u00f3pria imagem formam a prote\u00e7\u00e3o constitucional \u00e0 dignidade da pessoa humana, salvaguardando um espa\u00e7o \u00edntimo intranspon\u00edvel por intromiss\u00f5es il\u00edcitas externas.<\/li>\n<li>Na hip\u00f3tese de publica\u00e7\u00e3o de entrevista em que o <b>entrevistado imputa falsamente pr\u00e1tica de crime a terceiro<\/b>, a <b>empresa jornal\u00edstica somente poder\u00e1 ser responsabilizada<\/b> civilmente se: (i) \u00e0 \u00e9poca da divulga\u00e7\u00e3o, <b>havia ind\u00edcios concretos da falsidade <\/b>da imputa\u00e7\u00e3o; e (ii) o <b>ve\u00edculo deixou de observar o dever de cuidado<\/b> na verifica\u00e7\u00e3o da veracidade dos fatos e na divulga\u00e7\u00e3o da exist\u00eancia de tais ind\u00edcios.<\/li>\n<\/ol>\n<p><b>Caso concreto<\/b>: em reportagem de 1995, o Di\u00e1rio de Pernambuco publicou afirma\u00e7\u00e3o do pol\u00edtico pernambucano Wandenkolk Wanderley de que o ex-deputado federal Ricardo Zarattini Filho teria sido respons\u00e1vel pelo atentado a bomba no aeroporto do Recife durante a ditadura militar. O ve\u00edculo de imprensa foi condenado ao pagamento de 700 mil reais.<\/p>\n","protected":false},"excerpt":{"rendered":"<p>SIM. No RE 1075412, o STF definiu a seguinte tese: A plena prote\u00e7\u00e3o constitucional \u00e0 liberdade de imprensa \u00e9 consagrada pelo bin\u00f4mio liberdade com responsabilidade, vedada qualquer esp\u00e9cie de censura pr\u00e9via. Admite-se a possibilidade posterior de an\u00e1lise e responsabiliza\u00e7\u00e3o, inclusive com remo\u00e7\u00e3o de conte\u00fado, por informa\u00e7\u00f5es comprovadamente injuriosas, difamantes, caluniosas, mentirosas, e em rela\u00e7\u00e3o a [&hellip;]<\/p>\n","protected":false},"author":1,"featured_media":786,"comment_status":"open","ping_status":"open","sticky":false,"template":"","format":"standard","meta":{"footnotes":""},"categories":[143],"tags":[154,135,35],"class_list":["post-785","post","type-post","status-publish","format-standard","has-post-thumbnail","hentry","category-pilulas-juridicas","tag-jornalismo","tag-jurisprudencia","tag-stf"],"_links":{"self":[{"href":"https:\/\/gabaritojuridico.com.br\/index.php?rest_route=\/wp\/v2\/posts\/785","targetHints":{"allow":["GET"]}}],"collection":[{"href":"https:\/\/gabaritojuridico.com.br\/index.php?rest_route=\/wp\/v2\/posts"}],"about":[{"href":"https:\/\/gabaritojuridico.com.br\/index.php?rest_route=\/wp\/v2\/types\/post"}],"author":[{"embeddable":true,"href":"https:\/\/gabaritojuridico.com.br\/index.php?rest_route=\/wp\/v2\/users\/1"}],"replies":[{"embeddable":true,"href":"https:\/\/gabaritojuridico.com.br\/index.php?rest_route=%2Fwp%2Fv2%2Fcomments&post=785"}],"version-history":[{"count":1,"href":"https:\/\/gabaritojuridico.com.br\/index.php?rest_route=\/wp\/v2\/posts\/785\/revisions"}],"predecessor-version":[{"id":787,"href":"https:\/\/gabaritojuridico.com.br\/index.php?rest_route=\/wp\/v2\/posts\/785\/revisions\/787"}],"wp:featuredmedia":[{"embeddable":true,"href":"https:\/\/gabaritojuridico.com.br\/index.php?rest_route=\/wp\/v2\/media\/786"}],"wp:attachment":[{"href":"https:\/\/gabaritojuridico.com.br\/index.php?rest_route=%2Fwp%2Fv2%2Fmedia&parent=785"}],"wp:term":[{"taxonomy":"category","embeddable":true,"href":"https:\/\/gabaritojuridico.com.br\/index.php?rest_route=%2Fwp%2Fv2%2Fcategories&post=785"},{"taxonomy":"post_tag","embeddable":true,"href":"https:\/\/gabaritojuridico.com.br\/index.php?rest_route=%2Fwp%2Fv2%2Ftags&post=785"}],"curies":[{"name":"wp","href":"https:\/\/api.w.org\/{rel}","templated":true}]}}