{"id":761,"date":"2024-03-19T10:28:23","date_gmt":"2024-03-19T13:28:23","guid":{"rendered":"https:\/\/gabaritojuridico.com.br\/?p=761"},"modified":"2024-03-19T11:00:55","modified_gmt":"2024-03-19T14:00:55","slug":"quem-ira-ocupar-as-vagas-das-duas-ministras-que-se-aposentaram-no-stj","status":"publish","type":"post","link":"https:\/\/gabaritojuridico.com.br\/?p=761","title":{"rendered":"Quem ir\u00e1 ocupar as vagas das duas ministras que se aposentaram no STJ?"},"content":{"rendered":"<p>58 foram indicados, mas apenas 17 s\u00e3o mulheres.<\/p>\n<p>Em decorr\u00eancia das aposentadorias das ministras <b>Laurita Vaz<\/b> e <b>Assusete Magalh\u00e3es<\/b>, o <b>STJ<\/b> dever\u00e1 encaminhar duas listas tr\u00edplices ao <b>Presidente da Rep\u00fablica<\/b>, a quem cabe a escolha.<\/p>\n<p>Atualmente a Corte conta com <b>31 Ministros<\/b>, dos quais <b>somente<\/b> <b>5 s\u00e3o mulheres<\/b>.<\/p>\n<p>Dos 11 membros do <b>STF<\/b>, por sua vez, a <b>Ministra C\u00e1rmen L\u00facia<\/b> \u00e9 a \u00fanica mulher na mais alta Corte do pa\u00eds, depois da aposentadoria da Ministra Rosa Weber.<\/p>\n","protected":false},"excerpt":{"rendered":"<p>58 foram indicados, mas apenas 17 s\u00e3o mulheres. Em decorr\u00eancia das aposentadorias das ministras Laurita Vaz e Assusete Magalh\u00e3es, o STJ dever\u00e1 encaminhar duas listas tr\u00edplices ao Presidente da Rep\u00fablica, a quem cabe a escolha. Atualmente a Corte conta com 31 Ministros, dos quais somente 5 s\u00e3o mulheres. Dos 11 membros do STF, por sua [&hellip;]<\/p>\n","protected":false},"author":1,"featured_media":763,"comment_status":"open","ping_status":"open","sticky":false,"template":"","format":"standard","meta":{"footnotes":""},"categories":[143],"tags":[147,148,25],"class_list":["post-761","post","type-post","status-publish","format-standard","has-post-thumbnail","hentry","category-pilulas-juridicas","tag-ministros","tag-plenario","tag-stj"],"_links":{"self":[{"href":"https:\/\/gabaritojuridico.com.br\/index.php?rest_route=\/wp\/v2\/posts\/761","targetHints":{"allow":["GET"]}}],"collection":[{"href":"https:\/\/gabaritojuridico.com.br\/index.php?rest_route=\/wp\/v2\/posts"}],"about":[{"href":"https:\/\/gabaritojuridico.com.br\/index.php?rest_route=\/wp\/v2\/types\/post"}],"author":[{"embeddable":true,"href":"https:\/\/gabaritojuridico.com.br\/index.php?rest_route=\/wp\/v2\/users\/1"}],"replies":[{"embeddable":true,"href":"https:\/\/gabaritojuridico.com.br\/index.php?rest_route=%2Fwp%2Fv2%2Fcomments&post=761"}],"version-history":[{"count":2,"href":"https:\/\/gabaritojuridico.com.br\/index.php?rest_route=\/wp\/v2\/posts\/761\/revisions"}],"predecessor-version":[{"id":765,"href":"https:\/\/gabaritojuridico.com.br\/index.php?rest_route=\/wp\/v2\/posts\/761\/revisions\/765"}],"wp:featuredmedia":[{"embeddable":true,"href":"https:\/\/gabaritojuridico.com.br\/index.php?rest_route=\/wp\/v2\/media\/763"}],"wp:attachment":[{"href":"https:\/\/gabaritojuridico.com.br\/index.php?rest_route=%2Fwp%2Fv2%2Fmedia&parent=761"}],"wp:term":[{"taxonomy":"category","embeddable":true,"href":"https:\/\/gabaritojuridico.com.br\/index.php?rest_route=%2Fwp%2Fv2%2Fcategories&post=761"},{"taxonomy":"post_tag","embeddable":true,"href":"https:\/\/gabaritojuridico.com.br\/index.php?rest_route=%2Fwp%2Fv2%2Ftags&post=761"}],"curies":[{"name":"wp","href":"https:\/\/api.w.org\/{rel}","templated":true}]}}