{"id":749,"date":"2024-03-15T12:00:37","date_gmt":"2024-03-15T15:00:37","guid":{"rendered":"https:\/\/gabaritojuridico.com.br\/?p=749"},"modified":"2024-03-15T12:00:37","modified_gmt":"2024-03-15T15:00:37","slug":"licenca-maternidade-em-uniao-homoafetiva","status":"publish","type":"post","link":"https:\/\/gabaritojuridico.com.br\/?p=749","title":{"rendered":"Licen\u00e7a-maternidade em uni\u00e3o homoafetiva"},"content":{"rendered":"<p>Duas mulheres, em uni\u00e3o homoafetiva, t\u00eam direito a <b>duas licen\u00e7as-maternidade<\/b>? Ou a <b>uma licen\u00e7a-maternidade e outra licen\u00e7a-paternidade<\/b>?<\/p>\n<p>No RE 1.211.446, em 13\/03\/2024, o STF definiu a seguinte tese:<\/p>\n<ol>\n<li><b><i> A m\u00e3e servidora, ou trabalhadora, n\u00e3o gestante, em uni\u00e3o homoafetiva, tem direito ao gozo de licen\u00e7a-maternidade.<\/i><\/b><\/li>\n<li><b><i> Caso a companheira tenha utilizado o benef\u00edcio, far\u00e1 jus \u00e0 licen\u00e7a pelo per\u00edodo equivalente ao da licen\u00e7a-paternidade.<\/i><\/b><\/li>\n<\/ol>\n<p>O <b>caso concreto<\/b> foi o seguinte: a autora da a\u00e7\u00e3o \u00e9 servidora p\u00fablica do Munic\u00edpio de S\u00e3o Bernardo, <b>m\u00e3e n\u00e3o gestante<\/b>, em uni\u00e3o est\u00e1vel homoafetiva com sua companheira, que \u00e9 trabalhadora aut\u00f4noma e n\u00e3o usufruiu a licen\u00e7a-maternidade. A gesta\u00e7\u00e3o decorreu de procedimento de insemina\u00e7\u00e3o artificial heter\u00f3loga (em que o \u00f3vulo fecundado \u00e9 da m\u00e3e n\u00e3o gestante).<\/p>\n<p>Portanto, como a companheira gestante n\u00e3o usufruiu da licen\u00e7a-maternidade, <b>a autora da a\u00e7\u00e3o, ainda que n\u00e3o gestante, ter\u00e1 direito \u00e0 licen\u00e7a-maternidade.<\/b><\/p>\n<p>O <b>Min. Alexandre de Moraes<\/b> abriu <b>diverg\u00eancia<\/b> ao entender que seriam devidas <b>duas licen\u00e7as-maternidade<\/b>, mas a tese restou <b>vencida<\/b>.<\/p>\n","protected":false},"excerpt":{"rendered":"<p>Duas mulheres, em uni\u00e3o homoafetiva, t\u00eam direito a duas licen\u00e7as-maternidade? Ou a uma licen\u00e7a-maternidade e outra licen\u00e7a-paternidade? No RE 1.211.446, em 13\/03\/2024, o STF definiu a seguinte tese: A m\u00e3e servidora, ou trabalhadora, n\u00e3o gestante, em uni\u00e3o homoafetiva, tem direito ao gozo de licen\u00e7a-maternidade. Caso a companheira tenha utilizado o benef\u00edcio, far\u00e1 jus \u00e0 licen\u00e7a [&hellip;]<\/p>\n","protected":false},"author":1,"featured_media":750,"comment_status":"open","ping_status":"open","sticky":false,"template":"","format":"standard","meta":{"footnotes":""},"categories":[143],"tags":[146,144,35,145],"class_list":["post-749","post","type-post","status-publish","format-standard","has-post-thumbnail","hentry","category-pilulas-juridicas","tag-direito","tag-licenca-maternidade","tag-stf","tag-uniao-homoafetiva"],"_links":{"self":[{"href":"https:\/\/gabaritojuridico.com.br\/index.php?rest_route=\/wp\/v2\/posts\/749","targetHints":{"allow":["GET"]}}],"collection":[{"href":"https:\/\/gabaritojuridico.com.br\/index.php?rest_route=\/wp\/v2\/posts"}],"about":[{"href":"https:\/\/gabaritojuridico.com.br\/index.php?rest_route=\/wp\/v2\/types\/post"}],"author":[{"embeddable":true,"href":"https:\/\/gabaritojuridico.com.br\/index.php?rest_route=\/wp\/v2\/users\/1"}],"replies":[{"embeddable":true,"href":"https:\/\/gabaritojuridico.com.br\/index.php?rest_route=%2Fwp%2Fv2%2Fcomments&post=749"}],"version-history":[{"count":2,"href":"https:\/\/gabaritojuridico.com.br\/index.php?rest_route=\/wp\/v2\/posts\/749\/revisions"}],"predecessor-version":[{"id":752,"href":"https:\/\/gabaritojuridico.com.br\/index.php?rest_route=\/wp\/v2\/posts\/749\/revisions\/752"}],"wp:featuredmedia":[{"embeddable":true,"href":"https:\/\/gabaritojuridico.com.br\/index.php?rest_route=\/wp\/v2\/media\/750"}],"wp:attachment":[{"href":"https:\/\/gabaritojuridico.com.br\/index.php?rest_route=%2Fwp%2Fv2%2Fmedia&parent=749"}],"wp:term":[{"taxonomy":"category","embeddable":true,"href":"https:\/\/gabaritojuridico.com.br\/index.php?rest_route=%2Fwp%2Fv2%2Fcategories&post=749"},{"taxonomy":"post_tag","embeddable":true,"href":"https:\/\/gabaritojuridico.com.br\/index.php?rest_route=%2Fwp%2Fv2%2Ftags&post=749"}],"curies":[{"name":"wp","href":"https:\/\/api.w.org\/{rel}","templated":true}]}}