{"id":688,"date":"2023-06-19T16:57:09","date_gmt":"2023-06-19T19:57:09","guid":{"rendered":"https:\/\/gabaritojuridico.com.br\/?p=688"},"modified":"2023-06-19T16:57:09","modified_gmt":"2023-06-19T19:57:09","slug":"parecer-da-prova-discursiva-da-agu-2022-comentado","status":"publish","type":"post","link":"https:\/\/gabaritojuridico.com.br\/?p=688","title":{"rendered":"Parecer da prova discursiva da AGU\/2022 comentado"},"content":{"rendered":"<p>Hoje vamos trazer alguns coment\u00e1rios quanto \u00e0 prova discursiva da AGU, realizada no dia 18\/06\/2023, especificamente quanto ao PARECER, buscando antecipar quais seriam as poss\u00edveis respostas das quest\u00f5es postas em an\u00e1lise. S\u00e3o apenas indicativos de respostas que n\u00e3o necessariamente v\u00e3o constar no padr\u00e3o oficial.<\/p>\n<p>A divulga\u00e7\u00e3o do padr\u00e3o preliminar de respostas das provas discursivas est\u00e1 prevista para o dia 20\/06\/2023 e a do padr\u00e3o definitivo para o dia 24\/07\/2023.<\/p>\n<p>Bons estudos!<\/p>\n<p>&nbsp;<\/p>\n<div class='w3eden'><!-- WPDM Link Template: Default Template -->\n\n<div class=\"link-template-default card mb-2\">\n    <div class=\"card-body\">\n        <div class=\"media\">\n            <div class=\"mr-3 img-48\"><img decoding=\"async\" class=\"wpdm_icon\" alt=\"Icon\" src=\"https:\/\/gabaritojuridico.com.br\/wp-content\/plugins\/download-manager\/assets\/file-type-icons\/pdf.svg\" \/><\/div>\n            <div class=\"media-body\">\n                <h3 class=\"package-title\"><a href='https:\/\/gabaritojuridico.com.br\/?wpdmpro=parecer-da-prova-discursiva-da-agu-2022'>PARECER DA PROVA DISCURSIVA DA AGU 2022<\/a><\/h3>\n                <div class=\"text-muted text-small\"><i class=\"fas fa-copy\"><\/i> 1 file(s) <i class=\"fas fa-hdd ml-3\"><\/i> 305.08 KB<\/div>\n            <\/div>\n            <div class=\"ml-3\">\n                <a class='wpdm-download-link download-on-click btn btn-primary ' rel='nofollow' href='#' data-downloadurl=\"https:\/\/gabaritojuridico.com.br\/?wpdmpro=parecer-da-prova-discursiva-da-agu-2022&wpdmdl=690&refresh=69f322385e37f1777541688\">Download<\/a>\n            <\/div>\n        <\/div>\n    <\/div>\n<\/div>\n\n<\/div>\n","protected":false},"excerpt":{"rendered":"<p>Hoje vamos trazer alguns coment\u00e1rios quanto \u00e0 prova discursiva da AGU, realizada no dia 18\/06\/2023, especificamente quanto ao PARECER, buscando antecipar quais seriam as poss\u00edveis respostas das quest\u00f5es postas em an\u00e1lise. S\u00e3o apenas indicativos de respostas que n\u00e3o necessariamente v\u00e3o constar no padr\u00e3o oficial. A divulga\u00e7\u00e3o do padr\u00e3o preliminar de respostas das provas discursivas est\u00e1 [&hellip;]<\/p>\n","protected":false},"author":1,"featured_media":689,"comment_status":"open","ping_status":"open","sticky":false,"template":"","format":"standard","meta":{"footnotes":""},"categories":[5],"tags":[136,37],"class_list":["post-688","post","type-post","status-publish","format-standard","has-post-thumbnail","hentry","category-provascomentadas","tag-agu","tag-prova-comentada"],"_links":{"self":[{"href":"https:\/\/gabaritojuridico.com.br\/index.php?rest_route=\/wp\/v2\/posts\/688","targetHints":{"allow":["GET"]}}],"collection":[{"href":"https:\/\/gabaritojuridico.com.br\/index.php?rest_route=\/wp\/v2\/posts"}],"about":[{"href":"https:\/\/gabaritojuridico.com.br\/index.php?rest_route=\/wp\/v2\/types\/post"}],"author":[{"embeddable":true,"href":"https:\/\/gabaritojuridico.com.br\/index.php?rest_route=\/wp\/v2\/users\/1"}],"replies":[{"embeddable":true,"href":"https:\/\/gabaritojuridico.com.br\/index.php?rest_route=%2Fwp%2Fv2%2Fcomments&post=688"}],"version-history":[{"count":1,"href":"https:\/\/gabaritojuridico.com.br\/index.php?rest_route=\/wp\/v2\/posts\/688\/revisions"}],"predecessor-version":[{"id":691,"href":"https:\/\/gabaritojuridico.com.br\/index.php?rest_route=\/wp\/v2\/posts\/688\/revisions\/691"}],"wp:featuredmedia":[{"embeddable":true,"href":"https:\/\/gabaritojuridico.com.br\/index.php?rest_route=\/wp\/v2\/media\/689"}],"wp:attachment":[{"href":"https:\/\/gabaritojuridico.com.br\/index.php?rest_route=%2Fwp%2Fv2%2Fmedia&parent=688"}],"wp:term":[{"taxonomy":"category","embeddable":true,"href":"https:\/\/gabaritojuridico.com.br\/index.php?rest_route=%2Fwp%2Fv2%2Fcategories&post=688"},{"taxonomy":"post_tag","embeddable":true,"href":"https:\/\/gabaritojuridico.com.br\/index.php?rest_route=%2Fwp%2Fv2%2Ftags&post=688"}],"curies":[{"name":"wp","href":"https:\/\/api.w.org\/{rel}","templated":true}]}}