{"id":419,"date":"2023-05-22T10:29:26","date_gmt":"2023-05-22T13:29:26","guid":{"rendered":"https:\/\/gabaritojuridico.com.br\/?p=419"},"modified":"2023-05-24T22:06:27","modified_gmt":"2023-05-25T01:06:27","slug":"rascunho-automaticoo-licenciamento-ambiental-e-a-competencia-para-emissao-dos-autos-de-infracao","status":"publish","type":"post","link":"https:\/\/gabaritojuridico.com.br\/?p=419","title":{"rendered":"O Licenciamento Ambiental e a compet\u00eancia para emiss\u00e3o dos Autos de Infra\u00e7\u00e3o"},"content":{"rendered":"\n<p>Distin\u00e7\u00e3o entre a responsabilidade do \u00f3rg\u00e3o licenciador e a responsabilidade supletiva do \u00f3rg\u00e3o fiscalizador.<\/p>\n\n\n\n<p>O tema <strong>LICENCIAMENTO AMBIENTAL<\/strong> \u00e9, sem d\u00favidas, um dos mais cobrados em provas de concursos, notadamente aqueles relacionados \u00e0 advocacia p\u00fablica, por se tratar de mat\u00e9ria inerente \u00e0 fun\u00e7\u00e3o do Procurador. Al\u00e9m de ser um dos mais cobrados, \u00e9 tamb\u00e9m objeto de v\u00e1rias \u201cpegadinhas\u201d do examinador e vamos, neste momento, buscar esclarecer alguns conceitos e indicar a solu\u00e7\u00e3o para o \u201cproblema\u201d da <strong>DUPLICIDADE DE AUTOS DE INFRA\u00c7\u00c3O<\/strong>.<\/p>\n\n\n\n<p>Na esfera ambiental \u00e9 importante destacar que <strong>a compet\u00eancia para o licenciamento ambiental n\u00e3o se confunde com a atribui\u00e7\u00e3o para exercer a respectiva fiscaliza\u00e7\u00e3o, que \u00e9 comum<\/strong>. Por exemplo, se determinada atividade poluidora for licenciada pelo munic\u00edpio, o ente ambiental estadual e o ente federal (IBAMA) tamb\u00e9m t\u00eam o dever de fiscalizar o desenvolvimento da atividade impactante.<\/p>\n\n\n\n<p>Todavia, a LC 140\/11 estabelece uma <strong>ordem de prioridade<\/strong>, de modo que <strong>cabe ao \u00f3rg\u00e3o licenciador exercer a fiscaliza\u00e7\u00e3o<\/strong> e, caso ocorra eventual <strong>omiss\u00e3o<\/strong>, <strong>podem outros \u00f3rg\u00e3os ambientais<\/strong>, de outras esferas, que n\u00e3o licenciaram o empreendimento, <strong>exercerem seu poder-dever fiscalizat\u00f3rio<\/strong>:<\/p>\n\n\n\n<blockquote class=\"wp-block-quote is-layout-flow wp-block-quote-is-layout-flow\" style=\"font-size:16px\">\n<p>Art. 17.&nbsp; Compete ao \u00f3rg\u00e3o respons\u00e1vel pelo licenciamento ou autoriza\u00e7\u00e3o, conforme o caso, de um empreendimento ou atividade, lavrar auto de infra\u00e7\u00e3o ambiental e instaurar processo administrativo para a apura\u00e7\u00e3o de infra\u00e7\u00f5es \u00e0 legisla\u00e7\u00e3o ambiental cometidas pelo empreendimento ou atividade licenciada ou autorizada.<\/p>\n\n\n\n<p>(&#8230;)<\/p>\n\n\n\n<p>\u00a7 3\u00ba O disposto no caput deste artigo n\u00e3o impede o exerc\u00edcio pelos entes federativos da atribui\u00e7\u00e3o comum de fiscaliza\u00e7\u00e3o da conformidade de empreendimentos e atividades efetiva ou potencialmente poluidores ou utilizadores de recursos naturais com a legisla\u00e7\u00e3o ambiental em vigor, <strong>prevalecendo o auto de infra\u00e7\u00e3o ambiental lavrado por \u00f3rg\u00e3o que detenha a atribui\u00e7\u00e3o de licenciamento ou autoriza\u00e7\u00e3o a que se refere o caput<\/strong>.<\/p>\n<\/blockquote>\n\n\n\n<p>O STF, por sua vez, definiu que tal situa\u00e7\u00e3o se trata da <strong><em>compet\u00eancia supletiva <\/em><\/strong>dos demais entes federados:<\/p>\n\n\n\n<blockquote class=\"wp-block-quote is-layout-flow wp-block-quote-is-layout-flow\" style=\"font-size:16px\">\n<p>Proced\u00eancia parcial da a\u00e7\u00e3o direta para conferir interpreta\u00e7\u00e3o conforme \u00e0 Constitui\u00e7\u00e3o Federal: (i) ao \u00a7 4\u00ba do art. 14 da Lei Complementar n\u00ba 140\/2011 para estabelecer que <strong>a omiss\u00e3o ou mora administrativa imotivada e desproporcional na manifesta\u00e7\u00e3o definitiva sobre os pedidos de renova\u00e7\u00e3o de licen\u00e7as ambientais instaura a compet\u00eancia supletiva dos demais entes federados nas a\u00e7\u00f5es administrativas de licenciamento e na autoriza\u00e7\u00e3o ambiental<\/strong>, como previsto no art. 15 e (ii) ao \u00a7 3\u00ba do art. 17 da Lei Complementar n\u00ba 140\/2011, esclarecendo que <strong>a preval\u00eancia do auto de infra\u00e7\u00e3o lavrado pelo \u00f3rg\u00e3o originalmente competente para o licenciamento ou autoriza\u00e7\u00e3o ambiental n\u00e3o exclui a atua\u00e7\u00e3o supletiva de outro ente federado, desde que comprovada omiss\u00e3o ou insufici\u00eancia na tutela fiscalizat\u00f3ria<\/strong>. (ADI 4757, Relator(a): ROSA WEBER, Tribunal Pleno, julgado em 13\/12\/2022, PROCESSO ELETR\u00d4NICO DJe-058&nbsp; DIVULG 16-03-2023&nbsp; PUBLIC 17-03-2023)<\/p>\n<\/blockquote>\n\n\n\n<p>Portanto, <strong>em caso de duplicidade de autos de infra\u00e7\u00e3o, deve prevalecer aquele emitido pelo \u00f3rg\u00e3o licenciador, nos termos do art. 17, \u00a73\u00ba, da LC 140\/11<\/strong>.<\/p>\n\n\n\n<p>Ainda quanto ao tema, a <strong>Orienta\u00e7\u00e3o Jur\u00eddica Normativa 49\/2013, da Procuradoria Federal Especializada do IBAMA<\/strong>, d\u00e1 a seguinte interpreta\u00e7\u00e3o ao art. 17 da LC 140:<\/p>\n\n\n\n<p>I. Compet\u00eancia dos entes federativos em mat\u00e9ria de fiscaliza\u00e7\u00e3o ambiental atualmente regulada pelo art. 17 da Lei Complementar n\u00ba 140\/2011, que instituiu um sistema de preval\u00eancia, sem afastar a compet\u00eancia comum constitucionalmente prevista.<\/p>\n\n\n\n<p>II. Atividade concretamente licenciada deve ser <strong>preferencialmente fiscalizada pelo \u00f3rg\u00e3o ambiental emissor da licen\u00e7a<\/strong>, impondo-se a efetiva atua\u00e7\u00e3o do \u00f3rg\u00e3o fiscalizador supletivo em caso de omiss\u00e3o do \u00f3rg\u00e3o primariamente competente. <strong>Em situa\u00e7\u00e3o de duplicidade de autua\u00e7\u00f5es, caber\u00e1 a preval\u00eancia da fiscaliza\u00e7\u00e3o realizada pelo \u00f3rg\u00e3o licenciador<\/strong>, com reconhecimento da insubsist\u00eancia do auto de infra\u00e7\u00e3o anteriormente lavrado pelo \u00f3rg\u00e3o fiscalizador supletivo, desde que a penalidade aplicada no processo origin\u00e1rio ainda n\u00e3o esteja definitivamente constitu\u00edda.<\/p>\n\n\n\n<p>III. <strong>Atividades n\u00e3o licenciadas e n\u00e3o licenci\u00e1veis podem ser fiscalizadas por qualquer \u00f3rg\u00e3o ambiental, prevalecendo o primeiro auto de infra\u00e7\u00e3o lavrado<\/strong>. Necessidade de se evitar sobreposi\u00e7\u00e3o de atividade e de se atender aos princ\u00edpios administrativos aplic\u00e1veis e objetivos tra\u00e7ados pelo legislador.<\/p>\n\n\n\n<p>IV. <strong>Aplica\u00e7\u00e3o de medidas cautelares em caso de imin\u00eancia ou de j\u00e1 ocorr\u00eancia de degrada\u00e7\u00e3o ambiental. Preval\u00eancia das medidas aplicadas pelo \u00f3rg\u00e3o efetivamente licenciador<\/strong>, prevalecendo sobre aquelas eventualmente impostas pelo \u00f3rg\u00e3o fiscalizador supletivo, excetuando-se as que j\u00e1 surtiram, no caso concreto, todos os efeitos pr\u00e1ticos admiss\u00edveis.<\/p>\n\n\n\n<p>Por fim, \u00e9 importante salientar que <strong>os empreendimentos ser\u00e3o licenciados apenas em um \u00fanico n\u00edvel de compet\u00eancia<\/strong>, de modo que as demais esferas governamentais podem se manifestar de maneira informativa:<\/p>\n\n\n\n<blockquote class=\"wp-block-quote is-layout-flow wp-block-quote-is-layout-flow\" style=\"font-size:16px\">\n<p>Art. 13.&nbsp; Os empreendimentos e atividades s\u00e3o licenciados ou autorizados, ambientalmente, <strong>por um \u00fanico ente federativo<\/strong>, em conformidade com as atribui\u00e7\u00f5es estabelecidas nos termos desta Lei Complementar.<\/p>\n\n\n\n<p>\u00a7 1o Os demais entes federativos interessados podem manifestar-se ao \u00f3rg\u00e3o respons\u00e1vel pela licen\u00e7a ou autoriza\u00e7\u00e3o, de maneira n\u00e3o vinculante, respeitados os prazos e procedimentos do licenciamento ambiental.<\/p>\n<\/blockquote>\n\n\n\n<p><strong>COMO J\u00c1 FOI COBRADO?<\/strong><\/p>\n\n\n\n<blockquote class=\"wp-block-quote is-layout-flow wp-block-quote-is-layout-flow\">\n<p><strong>CEBRASPE (CESPE) &#8211; 2013 &#8211; Especialista Em Regula\u00e7\u00e3o de Petr\u00f3leo e Derivados, \u00c1lcool Combust\u00edvel e G\u00e1s Natural (ANP)\/\u00c1rea IX &#8211; Acerca do processo de licenciamento ambiental federal, julgue o item subsequente.<\/strong><\/p>\n\n\n\n<p>No caso de infra\u00e7\u00e3o \u00e0 legisla\u00e7\u00e3o ambiental cometida por atividade licenciada pelo \u00f3rg\u00e3o ambiental estadual, mas com efeitos ambientais verificados no mar territorial, cabe ao \u00f3rg\u00e3o ambiental federal a lavratura do auto de infra\u00e7\u00e3o.<\/p>\n<\/blockquote>\n\n\n\n<ul class=\"wp-block-list\">\n<li>A) Certo<\/li>\n\n\n\n<li>B) Errado<\/li>\n<\/ul>\n\n\n\n<p><\/p>\n\n\n\n<p><\/p>\n\n\n\n<p><\/p>\n\n\n\n<p>Resposta: Errado. Cabe ao \u00f3rg\u00e3o licenciador (Estadual) a lavratura do auto de infra\u00e7\u00e3o, ainda que os efeitos ambientais verificados tenham ocorrido em bem da Uni\u00e3o (mar territorial).<\/p>\n","protected":false},"excerpt":{"rendered":"<p>Distin\u00e7\u00e3o entre a responsabilidade do \u00f3rg\u00e3o licenciador e a responsabilidade supletiva do \u00f3rg\u00e3o fiscalizador. O tema LICENCIAMENTO AMBIENTAL \u00e9, sem d\u00favidas, um dos mais cobrados em provas de concursos, notadamente aqueles relacionados \u00e0 advocacia p\u00fablica, por se tratar de mat\u00e9ria inerente \u00e0 fun\u00e7\u00e3o do Procurador. Al\u00e9m de ser um dos mais cobrados, \u00e9 tamb\u00e9m objeto [&hellip;]<\/p>\n","protected":false},"author":1,"featured_media":423,"comment_status":"open","ping_status":"open","sticky":false,"template":"","format":"standard","meta":{"footnotes":""},"categories":[4],"tags":[104],"class_list":["post-419","post","type-post","status-publish","format-standard","has-post-thumbnail","hentry","category-artigos","tag-licenca-ambiental"],"_links":{"self":[{"href":"https:\/\/gabaritojuridico.com.br\/index.php?rest_route=\/wp\/v2\/posts\/419","targetHints":{"allow":["GET"]}}],"collection":[{"href":"https:\/\/gabaritojuridico.com.br\/index.php?rest_route=\/wp\/v2\/posts"}],"about":[{"href":"https:\/\/gabaritojuridico.com.br\/index.php?rest_route=\/wp\/v2\/types\/post"}],"author":[{"embeddable":true,"href":"https:\/\/gabaritojuridico.com.br\/index.php?rest_route=\/wp\/v2\/users\/1"}],"replies":[{"embeddable":true,"href":"https:\/\/gabaritojuridico.com.br\/index.php?rest_route=%2Fwp%2Fv2%2Fcomments&post=419"}],"version-history":[{"count":2,"href":"https:\/\/gabaritojuridico.com.br\/index.php?rest_route=\/wp\/v2\/posts\/419\/revisions"}],"predecessor-version":[{"id":424,"href":"https:\/\/gabaritojuridico.com.br\/index.php?rest_route=\/wp\/v2\/posts\/419\/revisions\/424"}],"wp:featuredmedia":[{"embeddable":true,"href":"https:\/\/gabaritojuridico.com.br\/index.php?rest_route=\/wp\/v2\/media\/423"}],"wp:attachment":[{"href":"https:\/\/gabaritojuridico.com.br\/index.php?rest_route=%2Fwp%2Fv2%2Fmedia&parent=419"}],"wp:term":[{"taxonomy":"category","embeddable":true,"href":"https:\/\/gabaritojuridico.com.br\/index.php?rest_route=%2Fwp%2Fv2%2Fcategories&post=419"},{"taxonomy":"post_tag","embeddable":true,"href":"https:\/\/gabaritojuridico.com.br\/index.php?rest_route=%2Fwp%2Fv2%2Ftags&post=419"}],"curies":[{"name":"wp","href":"https:\/\/api.w.org\/{rel}","templated":true}]}}