{"id":379,"date":"2023-02-01T17:55:56","date_gmt":"2023-02-01T20:55:56","guid":{"rendered":"https:\/\/gabaritojuridico.com.br\/?p=379"},"modified":"2023-02-01T17:56:00","modified_gmt":"2023-02-01T20:56:00","slug":"prova-comentada-2o-fase-pgm-poa","status":"publish","type":"post","link":"https:\/\/gabaritojuridico.com.br\/?p=379","title":{"rendered":"Prova comentada \u2013 2\u00ba fase PGM POA"},"content":{"rendered":"\n<p><\/p>\n\n\n\n<p>Hoje vamos trazer alguns coment\u00e1rios quanto \u00e0 prova discursiva da PGM\/POA, buscando antecipar quais seriam as poss\u00edveis respostas das quest\u00f5es subjetivas e da pe\u00e7a pr\u00e1tico-processual. S\u00e3o apenas indicativos de respostas que n\u00e3o necessariamente v\u00e3o constar no espelho de respostas oficial.<\/p>\n\n\n\n<p>A divulga\u00e7\u00e3o do espelho das provas discursivas est\u00e1 prevista para o dia 06\/03\/2023.<\/p>\n\n\n\n<p>Bons estudos!<\/p>\n\n\n\n<p>Acompanhe tamb\u00e9m nossas redes sociais e fique por dentro de todo o conte\u00fado que produzimos:<br><a href=\"https:\/\/twitter.com\/rafaelkriek\">Twitter<\/a><br><a href=\"https:\/\/www.instagram.com\/gabaritojur\/\" target=\"_blank\" rel=\"noreferrer noopener\">Instagram<\/a><\/p>\n\n\n<div class='w3eden'><!-- WPDM Link Template: Default Template -->\n\n<div class=\"link-template-default card mb-2\">\n    <div class=\"card-body\">\n        <div class=\"media\">\n            <div class=\"mr-3 img-48\"><img decoding=\"async\" class=\"wpdm_icon\" alt=\"Icon\" src=\"https:\/\/gabaritojuridico.com.br\/wp-content\/plugins\/download-manager\/assets\/file-type-icons\/pdf.svg\" \/><\/div>\n            <div class=\"media-body\">\n                <h3 class=\"package-title\"><a href='https:\/\/gabaritojuridico.com.br\/?wpdmpro=gabarito-juridico-prova-comentada-2a-fase-pgm-poa'>Gabarito Juridico - Prova comentada - 2a FASE PGM POA<\/a><\/h3>\n                <div class=\"text-muted text-small\"><i class=\"fas fa-copy\"><\/i> 1 file(s) <i class=\"fas fa-hdd ml-3\"><\/i> 326.25 KB<\/div>\n            <\/div>\n            <div class=\"ml-3\">\n                <a class='wpdm-download-link download-on-click btn btn-primary ' rel='nofollow' href='#' data-downloadurl=\"https:\/\/gabaritojuridico.com.br\/?wpdmpro=gabarito-juridico-prova-comentada-2a-fase-pgm-poa&wpdmdl=378&refresh=69f32eaedcc421777544878\">Download<\/a>\n            <\/div>\n        <\/div>\n    <\/div>\n<\/div>\n\n<\/div>\n","protected":false},"excerpt":{"rendered":"<p>Hoje vamos trazer alguns coment\u00e1rios quanto \u00e0 prova discursiva da PGM\/POA, buscando antecipar quais seriam as poss\u00edveis respostas das quest\u00f5es subjetivas e da pe\u00e7a pr\u00e1tico-processual. S\u00e3o apenas indicativos de respostas que n\u00e3o necessariamente v\u00e3o constar no espelho de respostas oficial. A divulga\u00e7\u00e3o do espelho das provas discursivas est\u00e1 prevista para o dia 06\/03\/2023. Bons estudos! [&hellip;]<\/p>\n","protected":false},"author":1,"featured_media":380,"comment_status":"open","ping_status":"open","sticky":false,"template":"","format":"standard","meta":{"footnotes":""},"categories":[5],"tags":[89],"class_list":["post-379","post","type-post","status-publish","format-standard","has-post-thumbnail","hentry","category-provascomentadas","tag-pgm"],"_links":{"self":[{"href":"https:\/\/gabaritojuridico.com.br\/index.php?rest_route=\/wp\/v2\/posts\/379","targetHints":{"allow":["GET"]}}],"collection":[{"href":"https:\/\/gabaritojuridico.com.br\/index.php?rest_route=\/wp\/v2\/posts"}],"about":[{"href":"https:\/\/gabaritojuridico.com.br\/index.php?rest_route=\/wp\/v2\/types\/post"}],"author":[{"embeddable":true,"href":"https:\/\/gabaritojuridico.com.br\/index.php?rest_route=\/wp\/v2\/users\/1"}],"replies":[{"embeddable":true,"href":"https:\/\/gabaritojuridico.com.br\/index.php?rest_route=%2Fwp%2Fv2%2Fcomments&post=379"}],"version-history":[{"count":1,"href":"https:\/\/gabaritojuridico.com.br\/index.php?rest_route=\/wp\/v2\/posts\/379\/revisions"}],"predecessor-version":[{"id":381,"href":"https:\/\/gabaritojuridico.com.br\/index.php?rest_route=\/wp\/v2\/posts\/379\/revisions\/381"}],"wp:featuredmedia":[{"embeddable":true,"href":"https:\/\/gabaritojuridico.com.br\/index.php?rest_route=\/wp\/v2\/media\/380"}],"wp:attachment":[{"href":"https:\/\/gabaritojuridico.com.br\/index.php?rest_route=%2Fwp%2Fv2%2Fmedia&parent=379"}],"wp:term":[{"taxonomy":"category","embeddable":true,"href":"https:\/\/gabaritojuridico.com.br\/index.php?rest_route=%2Fwp%2Fv2%2Fcategories&post=379"},{"taxonomy":"post_tag","embeddable":true,"href":"https:\/\/gabaritojuridico.com.br\/index.php?rest_route=%2Fwp%2Fv2%2Ftags&post=379"}],"curies":[{"name":"wp","href":"https:\/\/api.w.org\/{rel}","templated":true}]}}