{"id":1997,"date":"2025-10-30T09:08:15","date_gmt":"2025-10-30T12:08:15","guid":{"rendered":"https:\/\/gabaritojuridico.com.br\/?p=1997"},"modified":"2025-10-30T09:08:15","modified_gmt":"2025-10-30T12:08:15","slug":"honorarios-advocaticios-e-desistencia-da-acao-quando-cabe-fixacao-por-equidade","status":"publish","type":"post","link":"https:\/\/gabaritojuridico.com.br\/?p=1997","title":{"rendered":"Honor\u00e1rios advocat\u00edcios e desist\u00eancia da a\u00e7\u00e3o: quando cabe fixa\u00e7\u00e3o por equidade?"},"content":{"rendered":"<p style=\"text-align: justify;\"><b>SIM<\/b>.<\/p>\n<p style=\"text-align: justify;\">A quest\u00e3o analisada pelo STJ envolveu a possibilidade de fixar honor\u00e1rios advocat\u00edcios por equidade em processo extinto por desist\u00eancia ap\u00f3s a cita\u00e7\u00e3o e antes da contesta\u00e7\u00e3o. Nessa situa\u00e7\u00e3o, o trabalho do advogado da parte vencedora \u00e9 limitado, e a causa n\u00e3o chega a demandar dila\u00e7\u00e3o probat\u00f3ria ou enfrentamento jur\u00eddico relevante.<\/p>\n<p style=\"text-align: justify;\">No caso concreto, tratava-se de a\u00e7\u00e3o de dissolu\u00e7\u00e3o de sociedade em conta de participa\u00e7\u00e3o. Ap\u00f3s a desist\u00eancia da autora, o ju\u00edzo extinguiu o processo sem resolu\u00e7\u00e3o do m\u00e9rito (art. 485, VIII, do CPC), sem fixar honor\u00e1rios. O Tribunal reformou a senten\u00e7a e fixou a verba em R$ 1.000,00, com fundamento no art. 85, \u00a7 8\u00ba, do CPC, por entender que aplicar o percentual de 10% sobre o valor da causa, que era superior a R$ 1 milh\u00e3o, seria desproporcional e configuraria enriquecimento sem causa.<\/p>\n<p style=\"text-align: justify;\">O STJ entende que, embora o Tema 1076 preveja a regra geral de fixa\u00e7\u00e3o dos honor\u00e1rios com base no valor da causa ou no proveito econ\u00f4mico, essa diretriz pode ser flexibilizada quando o advogado realiza apenas atos simples e sem influ\u00eancia no desfecho da demanda. Nesses casos, a aprecia\u00e7\u00e3o equitativa \u00e9 o meio adequado de assegurar proporcionalidade e justi\u00e7a na remunera\u00e7\u00e3o.<\/p>\n<p style=\"text-align: justify;\">Al\u00e9m disso, a Corte destacou que, quando o processo \u00e9 extinto por desist\u00eancia, o fundamento da decis\u00e3o n\u00e3o repercute sobre o direito material discutido, o que impede a aferi\u00e7\u00e3o de qualquer proveito econ\u00f4mico. Por essa raz\u00e3o, a equidade se mostra o crit\u00e9rio mais adequado para a fixa\u00e7\u00e3o da verba honor\u00e1ria.<\/p>\n<p style=\"text-align: justify;\">Por fim, ressaltou-se que a tabela de honor\u00e1rios da OAB n\u00e3o tem car\u00e1ter vinculativo nesses casos, podendo o juiz arbitrar o valor conforme crit\u00e9rios de razoabilidade, proporcionalidade e equidade, nos termos do art. 85, \u00a7\u00a7 2\u00ba e 8\u00ba, do CPC.<\/p>\n<p style=\"text-align: justify;\"><b>RESUMO<\/b>: A fixa\u00e7\u00e3o de honor\u00e1rios advocat\u00edcios por equidade \u00e9 v\u00e1lida quando a extin\u00e7\u00e3o da a\u00e7\u00e3o n\u00e3o gera repercuss\u00e3o no direito vindicado.<\/p>\n<p style=\"text-align: justify;\">REsp 2.178.960-DF, Rel. Ministro Jo\u00e3o Ot\u00e1vio de Noronha, Quarta Turma, por maioria, julgado em 2\/9\/2025, DJEN 16\/9\/2025.<\/p>\n","protected":false},"excerpt":{"rendered":"<p>Quando a parte autora desiste da a\u00e7\u00e3o ap\u00f3s a cita\u00e7\u00e3o, mas antes da contesta\u00e7\u00e3o, \u00e9 poss\u00edvel fixar honor\u00e1rios advocat\u00edcios por equidade, mesmo sem an\u00e1lise do m\u00e9rito?<\/p>\n","protected":false},"author":1,"featured_media":1989,"comment_status":"open","ping_status":"open","sticky":false,"template":"","format":"standard","meta":{"footnotes":""},"categories":[143],"tags":[568,142,141,567,31,25],"class_list":["post-1997","post","type-post","status-publish","format-standard","has-post-thumbnail","hentry","category-pilulas-juridicas","tag-advocacia","tag-codigo-de-processo-civil","tag-cpc","tag-hororarios","tag-processo-civil","tag-stj"],"_links":{"self":[{"href":"https:\/\/gabaritojuridico.com.br\/index.php?rest_route=\/wp\/v2\/posts\/1997","targetHints":{"allow":["GET"]}}],"collection":[{"href":"https:\/\/gabaritojuridico.com.br\/index.php?rest_route=\/wp\/v2\/posts"}],"about":[{"href":"https:\/\/gabaritojuridico.com.br\/index.php?rest_route=\/wp\/v2\/types\/post"}],"author":[{"embeddable":true,"href":"https:\/\/gabaritojuridico.com.br\/index.php?rest_route=\/wp\/v2\/users\/1"}],"replies":[{"embeddable":true,"href":"https:\/\/gabaritojuridico.com.br\/index.php?rest_route=%2Fwp%2Fv2%2Fcomments&post=1997"}],"version-history":[{"count":2,"href":"https:\/\/gabaritojuridico.com.br\/index.php?rest_route=\/wp\/v2\/posts\/1997\/revisions"}],"predecessor-version":[{"id":2000,"href":"https:\/\/gabaritojuridico.com.br\/index.php?rest_route=\/wp\/v2\/posts\/1997\/revisions\/2000"}],"wp:featuredmedia":[{"embeddable":true,"href":"https:\/\/gabaritojuridico.com.br\/index.php?rest_route=\/wp\/v2\/media\/1989"}],"wp:attachment":[{"href":"https:\/\/gabaritojuridico.com.br\/index.php?rest_route=%2Fwp%2Fv2%2Fmedia&parent=1997"}],"wp:term":[{"taxonomy":"category","embeddable":true,"href":"https:\/\/gabaritojuridico.com.br\/index.php?rest_route=%2Fwp%2Fv2%2Fcategories&post=1997"},{"taxonomy":"post_tag","embeddable":true,"href":"https:\/\/gabaritojuridico.com.br\/index.php?rest_route=%2Fwp%2Fv2%2Ftags&post=1997"}],"curies":[{"name":"wp","href":"https:\/\/api.w.org\/{rel}","templated":true}]}}