{"id":1970,"date":"2025-09-26T08:53:54","date_gmt":"2025-09-26T11:53:54","guid":{"rendered":"https:\/\/gabaritojuridico.com.br\/?p=1970"},"modified":"2025-09-26T08:53:54","modified_gmt":"2025-09-26T11:53:54","slug":"escravidao-contemporanea-quando-se-configura-o-crime-do-art-149-do-codigo-penal","status":"publish","type":"post","link":"https:\/\/gabaritojuridico.com.br\/?p=1970","title":{"rendered":"Escravid\u00e3o contempor\u00e2nea: quando se configura o crime do art. 149 do C\u00f3digo Penal"},"content":{"rendered":"<p style=\"text-align: justify;\">Para a configura\u00e7\u00e3o do crime de redu\u00e7\u00e3o \u00e0 condi\u00e7\u00e3o an\u00e1loga \u00e0 de escravo, \u00e9 indispens\u00e1vel a restri\u00e7\u00e3o da liberdade de locomo\u00e7\u00e3o do trabalhador, ou basta a submiss\u00e3o a condi\u00e7\u00f5es degradantes de trabalho?<\/p>\n<p style=\"text-align: justify;\"><b>N\u00c3O.<\/b><\/p>\n<p style=\"text-align: justify;\">A controv\u00e9rsia analisada diz respeito \u00e0 interpreta\u00e7\u00e3o do art. 149 do C\u00f3digo Penal, que define o crime de redu\u00e7\u00e3o \u00e0 condi\u00e7\u00e3o an\u00e1loga \u00e0 de escravo. Questionou-se se a configura\u00e7\u00e3o do delito exigiria restri\u00e7\u00e3o \u00e0 liberdade de locomo\u00e7\u00e3o ou se bastaria a submiss\u00e3o dos trabalhadores a condi\u00e7\u00f5es degradantes.<\/p>\n<p style=\"text-align: justify;\">O dispositivo legal descreve um tipo misto alternativo, que se consuma diante de qualquer uma das seguintes condutas: submiss\u00e3o a trabalhos for\u00e7ados, jornada exaustiva, condi\u00e7\u00f5es degradantes de trabalho ou restri\u00e7\u00e3o da liberdade de locomo\u00e7\u00e3o. Assim, n\u00e3o \u00e9 necess\u00e1ria a ocorr\u00eancia simult\u00e2nea de todas as hip\u00f3teses, tampouco a prova de cerceamento f\u00edsico da liberdade de ir e vir.<\/p>\n<p style=\"text-align: justify;\">No caso concreto, o relat\u00f3rio de fiscaliza\u00e7\u00e3o constatou alojamentos prec\u00e1rios em barracos de pl\u00e1stico e \u00f4nibus velho, falta de energia el\u00e9trica, consumo de \u00e1gua armazenada em caminh\u00e3o enferrujado sem tratamento, aus\u00eancia de banheiros, higiene prec\u00e1ria e refei\u00e7\u00f5es improvisadas em condi\u00e7\u00f5es insalubres. Esse quadro revelou situa\u00e7\u00e3o de explora\u00e7\u00e3o que comprometeu a dignidade humana e caracterizou a submiss\u00e3o a condi\u00e7\u00f5es degradantes de trabalho.<\/p>\n<p style=\"text-align: justify;\">O Supremo Tribunal Federal j\u00e1 havia consolidado entendimento semelhante no julgamento do Inqu\u00e9rito 3.412\/AL, ao afirmar que a <b>escravid\u00e3o moderna<\/b> pode se manifestar de forma sutil, por constrangimentos econ\u00f4micos e sociais, e n\u00e3o apenas por coa\u00e7\u00e3o f\u00edsica. Desse modo, <b>basta a constata\u00e7\u00e3o de condi\u00e7\u00f5es degradantes, de trabalhos for\u00e7ados ou de jornada exaustiva para a configura\u00e7\u00e3o do crime<\/b>, sem que se exija a restri\u00e7\u00e3o de locomo\u00e7\u00e3o.<\/p>\n<p style=\"text-align: justify;\">Esse posicionamento, reafirmado pelo STJ, tamb\u00e9m atende aos compromissos internacionais assumidos pelo Brasil, como a Conven\u00e7\u00e3o Suplementar sobre a Aboli\u00e7\u00e3o da Escravatura e o Pacto Internacional sobre Direitos Civis e Pol\u00edticos. Em suma, a prote\u00e7\u00e3o jur\u00eddica n\u00e3o se limita \u00e0 liberdade de ir e vir, mas se estende \u00e0 dignidade do trabalhador, que n\u00e3o pode ser reduzido a mero instrumento de explora\u00e7\u00e3o econ\u00f4mica.<\/p>\n<p style=\"text-align: justify;\"><b>RESUMO<\/b>: A configura\u00e7\u00e3o do delito de redu\u00e7\u00e3o \u00e0 condi\u00e7\u00e3o an\u00e1loga \u00e0 de escravo, previsto no art. 149 do C\u00f3digo Penal, n\u00e3o exige a restri\u00e7\u00e3o da liberdade de locomo\u00e7\u00e3o dos trabalhadores, sendo suficiente a submiss\u00e3o a condi\u00e7\u00f5es degradantes de trabalho.<\/p>\n<p style=\"text-align: justify;\">REsp 2.204.503-BA, Rel. Ministro Sebasti\u00e3o Reis J\u00fanior, Sexta Turma, por unanimidade, julgado em 9\/9\/2025.<\/p>\n","protected":false},"excerpt":{"rendered":"<p>STJ e STF reconhecem que condi\u00e7\u00f5es degradantes de trabalho, por si s\u00f3, caracterizam o delito, ainda que n\u00e3o haja cerceamento da liberdade de ir e vir<\/p>\n","protected":false},"author":1,"featured_media":1971,"comment_status":"open","ping_status":"open","sticky":false,"template":"","format":"standard","meta":{"footnotes":""},"categories":[143],"tags":[478,303,176,557,556],"class_list":["post-1970","post","type-post","status-publish","format-standard","has-post-thumbnail","hentry","category-pilulas-juridicas","tag-codigo-penal","tag-constituicao-federal","tag-direito-penal","tag-direitos-fundamentais","tag-escravidao"],"_links":{"self":[{"href":"https:\/\/gabaritojuridico.com.br\/index.php?rest_route=\/wp\/v2\/posts\/1970","targetHints":{"allow":["GET"]}}],"collection":[{"href":"https:\/\/gabaritojuridico.com.br\/index.php?rest_route=\/wp\/v2\/posts"}],"about":[{"href":"https:\/\/gabaritojuridico.com.br\/index.php?rest_route=\/wp\/v2\/types\/post"}],"author":[{"embeddable":true,"href":"https:\/\/gabaritojuridico.com.br\/index.php?rest_route=\/wp\/v2\/users\/1"}],"replies":[{"embeddable":true,"href":"https:\/\/gabaritojuridico.com.br\/index.php?rest_route=%2Fwp%2Fv2%2Fcomments&post=1970"}],"version-history":[{"count":1,"href":"https:\/\/gabaritojuridico.com.br\/index.php?rest_route=\/wp\/v2\/posts\/1970\/revisions"}],"predecessor-version":[{"id":1972,"href":"https:\/\/gabaritojuridico.com.br\/index.php?rest_route=\/wp\/v2\/posts\/1970\/revisions\/1972"}],"wp:featuredmedia":[{"embeddable":true,"href":"https:\/\/gabaritojuridico.com.br\/index.php?rest_route=\/wp\/v2\/media\/1971"}],"wp:attachment":[{"href":"https:\/\/gabaritojuridico.com.br\/index.php?rest_route=%2Fwp%2Fv2%2Fmedia&parent=1970"}],"wp:term":[{"taxonomy":"category","embeddable":true,"href":"https:\/\/gabaritojuridico.com.br\/index.php?rest_route=%2Fwp%2Fv2%2Fcategories&post=1970"},{"taxonomy":"post_tag","embeddable":true,"href":"https:\/\/gabaritojuridico.com.br\/index.php?rest_route=%2Fwp%2Fv2%2Ftags&post=1970"}],"curies":[{"name":"wp","href":"https:\/\/api.w.org\/{rel}","templated":true}]}}