{"id":1966,"date":"2025-09-25T16:34:21","date_gmt":"2025-09-25T19:34:21","guid":{"rendered":"https:\/\/gabaritojuridico.com.br\/?p=1966"},"modified":"2025-09-25T16:34:21","modified_gmt":"2025-09-25T19:34:21","slug":"dano-moral-coletivo-em-protestos-com-bloqueio-de-vias-publicas","status":"publish","type":"post","link":"https:\/\/gabaritojuridico.com.br\/?p=1966","title":{"rendered":"Dano moral coletivo em protestos com bloqueio de vias p\u00fablicas"},"content":{"rendered":"<p style=\"text-align: justify;\">\u00c9 poss\u00edvel que um protesto realizado sem aviso \u00e0s autoridades, com bloqueio de vias e queima de pneus, gere a obriga\u00e7\u00e3o de indenizar por dano moral coletivo?<\/p>\n<p style=\"text-align: justify;\">A controv\u00e9rsia analisada consistiu em verificar se a realiza\u00e7\u00e3o de protestos sem comunica\u00e7\u00e3o pr\u00e9via \u00e0s autoridades e com paralisa\u00e7\u00e3o de vias de acesso \u00e0 capital estadual caracteriza dano moral coletivo.<\/p>\n<p style=\"text-align: justify;\">O entendimento consolidado pelo STJ \u00e9 de que o dano moral coletivo ocorre quando h\u00e1 conduta il\u00edcita que atinge, de forma intoler\u00e1vel, valores fundamentais da coletividade. Nesses casos, a les\u00e3o n\u00e3o exige demonstra\u00e7\u00e3o de dor ou sofrimento individual, pois se presume <b><i>in re ipsa<\/i><\/b>, ou seja, pela pr\u00f3pria gravidade do ato.<\/p>\n<p style=\"text-align: justify;\">No caso concreto, houve excesso dos limites do direito de reuni\u00e3o, vez que ocorreu obstru\u00e7\u00e3o de importantes vias p\u00fablicas por tempo consider\u00e1vel, chegando a interditar totalmente uma delas, com uso de materiais inflam\u00e1veis e queima de pneus. Essa conduta colocou em risco a popula\u00e7\u00e3o e os pr\u00f3prios manifestantes, revelando abuso do direito constitucional de manifesta\u00e7\u00e3o.<\/p>\n<p style=\"text-align: justify;\">Diante disso, ficou reconhecida a exist\u00eancia de dano moral coletivo pois o exerc\u00edcio da cidadania n\u00e3o pode desrespeitar direitos alheios, devendo ser equilibrado com a prote\u00e7\u00e3o da coletividade.<\/p>\n<p style=\"text-align: justify;\">Exemplo pr\u00e1tico: se um grupo promove protesto pac\u00edfico em pra\u00e7a p\u00fablica, com comunica\u00e7\u00e3o pr\u00e9via \u00e0s autoridades e sem impedir o direito de ir e vir, n\u00e3o h\u00e1 abuso. Contudo, quando h\u00e1 bloqueio total de rodovias, risco \u00e0 seguran\u00e7a e viola\u00e7\u00e3o direta ao interesse coletivo, fica caracterizado o dano moral coletivo indeniz\u00e1vel.<\/p>\n<p style=\"text-align: justify;\"><b>RESUMO<\/b>: A realiza\u00e7\u00e3o de protestos sem comunica\u00e7\u00e3o pr\u00e9via \u00e0s autoridades e com obstru\u00e7\u00e3o de diversas vias p\u00fablicas de acesso \u00e0 capital do Estado por lapso temporal consider\u00e1vel configura dano moral coletivo <i>in re ipsa.<\/i><\/p>\n<p style=\"text-align: justify;\">REsp 2.026.929-ES, Rel. Ministro Marco Aur\u00e9lio Bellizze, Segunda Turma, por unanimidade, julgado em 9\/9\/2025.<\/p>\n","protected":false},"excerpt":{"rendered":"<p>STJ reconhece que abuso no direito de reuni\u00e3o, com preju\u00edzo \u00e0 coletividade, enseja indeniza\u00e7\u00e3o por dano moral coletivo<\/p>\n","protected":false},"author":1,"featured_media":1967,"comment_status":"open","ping_status":"open","sticky":false,"template":"","format":"standard","meta":{"footnotes":""},"categories":[143],"tags":[554,553,25,555],"class_list":["post-1966","post","type-post","status-publish","format-standard","has-post-thumbnail","hentry","category-pilulas-juridicas","tag-dano-moral","tag-protestos","tag-stj","tag-vias-publicas"],"_links":{"self":[{"href":"https:\/\/gabaritojuridico.com.br\/index.php?rest_route=\/wp\/v2\/posts\/1966","targetHints":{"allow":["GET"]}}],"collection":[{"href":"https:\/\/gabaritojuridico.com.br\/index.php?rest_route=\/wp\/v2\/posts"}],"about":[{"href":"https:\/\/gabaritojuridico.com.br\/index.php?rest_route=\/wp\/v2\/types\/post"}],"author":[{"embeddable":true,"href":"https:\/\/gabaritojuridico.com.br\/index.php?rest_route=\/wp\/v2\/users\/1"}],"replies":[{"embeddable":true,"href":"https:\/\/gabaritojuridico.com.br\/index.php?rest_route=%2Fwp%2Fv2%2Fcomments&post=1966"}],"version-history":[{"count":1,"href":"https:\/\/gabaritojuridico.com.br\/index.php?rest_route=\/wp\/v2\/posts\/1966\/revisions"}],"predecessor-version":[{"id":1968,"href":"https:\/\/gabaritojuridico.com.br\/index.php?rest_route=\/wp\/v2\/posts\/1966\/revisions\/1968"}],"wp:featuredmedia":[{"embeddable":true,"href":"https:\/\/gabaritojuridico.com.br\/index.php?rest_route=\/wp\/v2\/media\/1967"}],"wp:attachment":[{"href":"https:\/\/gabaritojuridico.com.br\/index.php?rest_route=%2Fwp%2Fv2%2Fmedia&parent=1966"}],"wp:term":[{"taxonomy":"category","embeddable":true,"href":"https:\/\/gabaritojuridico.com.br\/index.php?rest_route=%2Fwp%2Fv2%2Fcategories&post=1966"},{"taxonomy":"post_tag","embeddable":true,"href":"https:\/\/gabaritojuridico.com.br\/index.php?rest_route=%2Fwp%2Fv2%2Ftags&post=1966"}],"curies":[{"name":"wp","href":"https:\/\/api.w.org\/{rel}","templated":true}]}}