{"id":1961,"date":"2025-09-23T11:24:39","date_gmt":"2025-09-23T14:24:39","guid":{"rendered":"https:\/\/gabaritojuridico.com.br\/?p=1961"},"modified":"2025-09-23T11:24:39","modified_gmt":"2025-09-23T14:24:39","slug":"responsabilidade-civil-na-reproducao-academica-de-imputacoes-criminais-nao-comprovadas","status":"publish","type":"post","link":"https:\/\/gabaritojuridico.com.br\/?p=1961","title":{"rendered":"Responsabilidade civil na reprodu\u00e7\u00e3o acad\u00eamica de imputa\u00e7\u00f5es criminais n\u00e3o comprovadas"},"content":{"rendered":"<p style=\"text-align: justify;\">Autores de artigos cient\u00edficos podem ser responsabilizados civilmente por reproduzirem, em seus estudos, acusa\u00e7\u00f5es criminais feitas por terceiros nas redes sociais, ainda que essas acusa\u00e7\u00f5es n\u00e3o tenham sido comprovadas?<\/p>\n<p style=\"text-align: justify;\"><b>N\u00c3O<\/b>.<\/p>\n<p style=\"text-align: justify;\">A Constitui\u00e7\u00e3o Federal, em seu art. 5\u00ba, incisos IV, IX e XIV, assegura a liberdade de manifesta\u00e7\u00e3o do pensamento, de express\u00e3o intelectual e cient\u00edfica, bem como o acesso \u00e0 informa\u00e7\u00e3o. No campo espec\u00edfico da produ\u00e7\u00e3o acad\u00eamica, essas garantias se ampliam em raz\u00e3o da fun\u00e7\u00e3o pedag\u00f3gica, investigativa e cr\u00edtica da ci\u00eancia.<\/p>\n<p style=\"text-align: justify;\">Contudo, tais liberdades n\u00e3o s\u00e3o absolutas, encontrando limites na salvaguarda da dignidade da pessoa humana (art. 1\u00ba, III, da CF), especialmente quando a divulga\u00e7\u00e3o de conte\u00fado, ainda que com apar\u00eancia de an\u00e1lise cient\u00edfica, cause ofensa indevida \u00e0 imagem ou reputa\u00e7\u00e3o de terceiros, nos termos do art. 5\u00ba, incisos V e X, da CF.<\/p>\n<p style=\"text-align: justify;\">No julgamento do <b>Tema n. 995<\/b>, o Supremo Tribunal Federal fixou a tese de que a reprodu\u00e7\u00e3o de imputa\u00e7\u00f5es falsas, feitas por terceiros, pode ensejar responsabiliza\u00e7\u00e3o civil da imprensa, <b>desde que demonstrada a m\u00e1-f\u00e9 ou aus\u00eancia de dilig\u00eancia na apura\u00e7\u00e3o<\/b>. Tal entendimento, por\u00e9m, <b>n\u00e3o se aplica de maneira autom\u00e1tica \u00e0 produ\u00e7\u00e3o cient\u00edfica<\/b>, cuja natureza \u00e9 cr\u00edtica, reflexiva e voltada \u00e0 an\u00e1lise de fen\u00f4menos coletivos, n\u00e3o se confundindo com a fun\u00e7\u00e3o informativa e comercial da imprensa.<\/p>\n<p style=\"text-align: justify;\">Nesse cen\u00e1rio, a analogia com o precedente do STF se limita \u00e0 exig\u00eancia de m\u00e1-f\u00e9 para fins de responsabiliza\u00e7\u00e3o civil, a qual deve ser aferida com base em elementos objetivos, como a aus\u00eancia de prop\u00f3sito anal\u00edtico, a imputa\u00e7\u00e3o direta de culpa sem contextualiza\u00e7\u00e3o cr\u00edtica, ou a distor\u00e7\u00e3o deliberada de fatos.<\/p>\n<p style=\"text-align: justify;\">A responsabilidade civil por ofensa \u00e0 honra exige a demonstra\u00e7\u00e3o de ato il\u00edcito, dano e nexo de causalidade, nos termos dos arts. 186 e 927 do C\u00f3digo Civil. No entanto, quando se trata de an\u00e1lise acad\u00eamica que reproduz manifesta\u00e7\u00e3o alheia, a caracteriza\u00e7\u00e3o do il\u00edcito depende da demonstra\u00e7\u00e3o de <b>abuso do direito de express\u00e3o cient\u00edfica<\/b>, o que exige a presen\u00e7a de m\u00e1-f\u00e9 ou neglig\u00eancia grave na verifica\u00e7\u00e3o dos fatos relatados.<\/p>\n<p style=\"text-align: justify;\">Portanto, n\u00e3o h\u00e1 que se falar em responsabilidade civil de autor de artigo cient\u00edfico que, em estudo cr\u00edtico de fen\u00f4menos sociais, mencione manifesta\u00e7\u00e3o p\u00fablica de terceiro contendo imputa\u00e7\u00f5es criminais n\u00e3o comprovadas, desde que ausente a m\u00e1-f\u00e9, a manipula\u00e7\u00e3o intencional dos fatos ou o desvirtuamento da finalidade acad\u00eamica. A mera cita\u00e7\u00e3o de conte\u00fado previamente divulgado em espa\u00e7o p\u00fablico, como redes sociais, dentro de um contexto anal\u00edtico, sem inten\u00e7\u00e3o de ofender, n\u00e3o configura ato il\u00edcito.<\/p>\n<p style=\"text-align: justify;\">A responsabiliza\u00e7\u00e3o, nesse caso, violaria o n\u00facleo essencial da liberdade de pesquisa e express\u00e3o cient\u00edfica, esvaziando sua fun\u00e7\u00e3o cr\u00edtica e pedag\u00f3gica. Portanto, deve-se reconhecer, analogicamente ao Tema 995\/STF, que a responsabilidade civil por reprodu\u00e7\u00e3o de imputa\u00e7\u00f5es de terceiros, na seara acad\u00eamica, depende da inequ\u00edvoca demonstra\u00e7\u00e3o de m\u00e1-f\u00e9 por parte do pesquisador.<\/p>\n<p style=\"text-align: justify;\"><b>RESUMO<\/b>: A reprodu\u00e7\u00e3o de fato de relev\u00e2ncia p\u00fablica, ainda que sens\u00edvel, quando feita em contexto acad\u00eamico, de boa-f\u00e9, com finalidade cient\u00edfica, sem promover acusa\u00e7\u00e3o pessoal, n\u00e3o configura abuso de direito nem enseja responsabiliza\u00e7\u00e3o civil.<\/p>\n<p style=\"text-align: justify;\">Processo em segredo de justi\u00e7a, Rel. Ministra Nancy Andrighi, Terceira Turma, por unanimidade, julgado em 12\/8\/2025, DJEN 19\/8\/2025. (Info 860 STJ).<\/p>\n","protected":false},"excerpt":{"rendered":"<p>A prote\u00e7\u00e3o da liberdade cient\u00edfica diante de acusa\u00e7\u00f5es de terceiros e o requisito da m\u00e1-f\u00e9 para caracteriza\u00e7\u00e3o do il\u00edcito civil<\/p>\n","protected":false},"author":1,"featured_media":1962,"comment_status":"open","ping_status":"open","sticky":false,"template":"","format":"standard","meta":{"footnotes":""},"categories":[143],"tags":[344,552,551,84,35],"class_list":["post-1961","post","type-post","status-publish","format-standard","has-post-thumbnail","hentry","category-pilulas-juridicas","tag-constituicao","tag-ilicito-civil","tag-imputacoes-criminais","tag-responsabilidade-civil","tag-stf"],"_links":{"self":[{"href":"https:\/\/gabaritojuridico.com.br\/index.php?rest_route=\/wp\/v2\/posts\/1961","targetHints":{"allow":["GET"]}}],"collection":[{"href":"https:\/\/gabaritojuridico.com.br\/index.php?rest_route=\/wp\/v2\/posts"}],"about":[{"href":"https:\/\/gabaritojuridico.com.br\/index.php?rest_route=\/wp\/v2\/types\/post"}],"author":[{"embeddable":true,"href":"https:\/\/gabaritojuridico.com.br\/index.php?rest_route=\/wp\/v2\/users\/1"}],"replies":[{"embeddable":true,"href":"https:\/\/gabaritojuridico.com.br\/index.php?rest_route=%2Fwp%2Fv2%2Fcomments&post=1961"}],"version-history":[{"count":2,"href":"https:\/\/gabaritojuridico.com.br\/index.php?rest_route=\/wp\/v2\/posts\/1961\/revisions"}],"predecessor-version":[{"id":1964,"href":"https:\/\/gabaritojuridico.com.br\/index.php?rest_route=\/wp\/v2\/posts\/1961\/revisions\/1964"}],"wp:featuredmedia":[{"embeddable":true,"href":"https:\/\/gabaritojuridico.com.br\/index.php?rest_route=\/wp\/v2\/media\/1962"}],"wp:attachment":[{"href":"https:\/\/gabaritojuridico.com.br\/index.php?rest_route=%2Fwp%2Fv2%2Fmedia&parent=1961"}],"wp:term":[{"taxonomy":"category","embeddable":true,"href":"https:\/\/gabaritojuridico.com.br\/index.php?rest_route=%2Fwp%2Fv2%2Fcategories&post=1961"},{"taxonomy":"post_tag","embeddable":true,"href":"https:\/\/gabaritojuridico.com.br\/index.php?rest_route=%2Fwp%2Fv2%2Ftags&post=1961"}],"curies":[{"name":"wp","href":"https:\/\/api.w.org\/{rel}","templated":true}]}}