{"id":1951,"date":"2025-09-19T09:42:58","date_gmt":"2025-09-19T12:42:58","guid":{"rendered":"https:\/\/gabaritojuridico.com.br\/?p=1951"},"modified":"2025-09-19T09:42:58","modified_gmt":"2025-09-19T12:42:58","slug":"prevalencia-do-interesse-da-crianca-na-guarda-provisoria-a-relacao-socioafetiva-como-elemento-decisivo","status":"publish","type":"post","link":"https:\/\/gabaritojuridico.com.br\/?p=1951","title":{"rendered":"Preval\u00eancia do interesse da crian\u00e7a na guarda provis\u00f3ria: a rela\u00e7\u00e3o socioafetiva como elemento decisivo"},"content":{"rendered":"<p style=\"text-align: justify;\">A prote\u00e7\u00e3o integral da crian\u00e7a, prevista no art. 227 da Constitui\u00e7\u00e3o Federal e no art. 1\u00ba do Estatuto da Crian\u00e7a e do Adolescente, exige que todas as decis\u00f5es que lhe digam respeito sejam orientadas pelo princ\u00edpio do <b>melhor interesse da crian\u00e7a<\/b>. Tal diretriz imp\u00f5e a an\u00e1lise concreta de cada caso, com vistas \u00e0 garantia de seu pleno desenvolvimento f\u00edsico, ps\u00edquico e emocional.<\/p>\n<p style=\"text-align: justify;\">A situa\u00e7\u00e3o concreta analisada pelo STJ envolvia crian\u00e7a nascida prematuramente e com m\u00faltiplas comorbidades, em raz\u00e3o do uso abusivo de subst\u00e2ncias entorpecentes por sua genitora. Ap\u00f3s acolhimento institucional, a crian\u00e7a foi confiada, por meio de guarda provis\u00f3ria, a um casal habilitado no cadastro de ado\u00e7\u00e3o, com quem conviveu por quase todo o seu primeiro ano de vida. Durante esse per\u00edodo, foram assegurados os cuidados exigidos por sua condi\u00e7\u00e3o de sa\u00fade, sem qualquer registro de condutas lesivas por parte dos guardi\u00f5es.<\/p>\n<p style=\"text-align: justify;\">Posteriormente, a guarda foi revogada e a crian\u00e7a entregue \u00e0 sua tia-av\u00f3, sem v\u00ednculo afetivo anterior. Ap\u00f3s essa altera\u00e7\u00e3o, houve agravamento no estado de sa\u00fade da menor, possivelmente relacionado \u00e0 aus\u00eancia dos cuidados necess\u00e1rios.<\/p>\n<p style=\"text-align: justify;\">Consoante disp\u00f5e o art. 28, \u00a7 3\u00ba, do ECA, a coloca\u00e7\u00e3o em fam\u00edlia substituta deve priorizar, sempre que poss\u00edvel, a afinidade e a afetividade. Tal previs\u00e3o refor\u00e7a que <b>a afetividade deve prevalecer sobre os v\u00ednculos meramente biol\u00f3gicos ou formais<\/b>, especialmente quando a suposta \u201cfam\u00edlia extensa\u201d n\u00e3o mant\u00e9m qualquer rela\u00e7\u00e3o anterior com a crian\u00e7a.<\/p>\n<p style=\"text-align: justify;\">No <b>HC 933.391\/SP<\/b>, o Superior Tribunal de Justi\u00e7a reafirmou que <b>a prioridade da fam\u00edlia natural ou extensa n\u00e3o pode ser aplicada de forma absoluta<\/b>, devendo-se privilegiar o interesse da crian\u00e7a, \u00e0 luz do caso concreto. Nesse julgado, a Corte refor\u00e7ou que <b>a afetividade constru\u00edda com a fam\u00edlia acolhedora ou substituta deve ser levada em considera\u00e7\u00e3o quando existente rela\u00e7\u00e3o est\u00e1vel, segura e protetiva<\/b>.<\/p>\n<p style=\"text-align: justify;\">Portanto, a manuten\u00e7\u00e3o da crian\u00e7a em guarda provis\u00f3ria com a fam\u00edlia substituta, com quem desenvolveu v\u00ednculo afetivo durante a fase mais sens\u00edvel de sua vida, representa a solu\u00e7\u00e3o que melhor atende ao seu interesse, nos termos do art. 28, \u00a7 3\u00ba, do ECA e da jurisprud\u00eancia do STJ.<\/p>\n<p style=\"text-align: justify;\">A eventual entrega da menor \u00e0 tia-av\u00f3, ausente v\u00ednculo anterior e sem capacidade comprovada de prover os cuidados exigidos, <b>n\u00e3o pode se sobrepor ao la\u00e7o socioafetivo consolidado<\/b>, sob pena de viola\u00e7\u00e3o aos princ\u00edpios da prote\u00e7\u00e3o integral, da prioridade absoluta e do melhor interesse da crian\u00e7a.<\/p>\n<p style=\"text-align: justify;\"><b>RESUMO<\/b>: Nos casos em que inexistir v\u00ednculo pr\u00e9vio de conviv\u00eancia ou afinidade com membros da fam\u00edlia extensa e houver a forma\u00e7\u00e3o de la\u00e7o socioafetivo consistente com a fam\u00edlia substituta, aliado \u00e0 demonstra\u00e7\u00e3o de cuidados adequados \u00e0s necessidades da crian\u00e7a, deve prevalecer a manuten\u00e7\u00e3o de guarda com esta \u00faltima, em observ\u00e2ncia ao princ\u00edpio do melhor interesse da crian\u00e7a.<\/p>\n<p style=\"text-align: justify;\">Processo em segredo de justi\u00e7a, Rel. Ministro Marco Buzzi, Quarta Turma, por unanimidade, julgado em 18\/8\/2025, DJEN 22\/8\/2025. (Info 860 STJ).<\/p>\n","protected":false},"excerpt":{"rendered":"<p>A inaplicabilidade autom\u00e1tica do princ\u00edpio da prioridade da fam\u00edlia extensa diante da aus\u00eancia de v\u00ednculo anterior<\/p>\n","protected":false},"author":1,"featured_media":1952,"comment_status":"open","ping_status":"open","sticky":false,"template":"","format":"standard","meta":{"footnotes":""},"categories":[143],"tags":[26,317,39,336,547,548],"class_list":["post-1951","post","type-post","status-publish","format-standard","has-post-thumbnail","hentry","category-pilulas-juridicas","tag-direito-civil","tag-direito-de-familia","tag-eca","tag-estatuto-da-crianca-e-do-adolescente","tag-guarda-provisoria","tag-relacao-socioafetiva"],"_links":{"self":[{"href":"https:\/\/gabaritojuridico.com.br\/index.php?rest_route=\/wp\/v2\/posts\/1951","targetHints":{"allow":["GET"]}}],"collection":[{"href":"https:\/\/gabaritojuridico.com.br\/index.php?rest_route=\/wp\/v2\/posts"}],"about":[{"href":"https:\/\/gabaritojuridico.com.br\/index.php?rest_route=\/wp\/v2\/types\/post"}],"author":[{"embeddable":true,"href":"https:\/\/gabaritojuridico.com.br\/index.php?rest_route=\/wp\/v2\/users\/1"}],"replies":[{"embeddable":true,"href":"https:\/\/gabaritojuridico.com.br\/index.php?rest_route=%2Fwp%2Fv2%2Fcomments&post=1951"}],"version-history":[{"count":2,"href":"https:\/\/gabaritojuridico.com.br\/index.php?rest_route=\/wp\/v2\/posts\/1951\/revisions"}],"predecessor-version":[{"id":1954,"href":"https:\/\/gabaritojuridico.com.br\/index.php?rest_route=\/wp\/v2\/posts\/1951\/revisions\/1954"}],"wp:featuredmedia":[{"embeddable":true,"href":"https:\/\/gabaritojuridico.com.br\/index.php?rest_route=\/wp\/v2\/media\/1952"}],"wp:attachment":[{"href":"https:\/\/gabaritojuridico.com.br\/index.php?rest_route=%2Fwp%2Fv2%2Fmedia&parent=1951"}],"wp:term":[{"taxonomy":"category","embeddable":true,"href":"https:\/\/gabaritojuridico.com.br\/index.php?rest_route=%2Fwp%2Fv2%2Fcategories&post=1951"},{"taxonomy":"post_tag","embeddable":true,"href":"https:\/\/gabaritojuridico.com.br\/index.php?rest_route=%2Fwp%2Fv2%2Ftags&post=1951"}],"curies":[{"name":"wp","href":"https:\/\/api.w.org\/{rel}","templated":true}]}}