{"id":1787,"date":"2025-07-29T08:54:49","date_gmt":"2025-07-29T11:54:49","guid":{"rendered":"https:\/\/gabaritojuridico.com.br\/?p=1787"},"modified":"2025-07-29T08:54:49","modified_gmt":"2025-07-29T11:54:49","slug":"a-cassacao-da-aposentadoria-no-servico-publico","status":"publish","type":"post","link":"https:\/\/gabaritojuridico.com.br\/?p=1787","title":{"rendered":"A cassa\u00e7\u00e3o da aposentadoria no servi\u00e7o p\u00fablico"},"content":{"rendered":"<p style=\"text-align: justify;\">A cassa\u00e7\u00e3o da aposentadoria de servidor p\u00fablico, ainda que o benef\u00edcio previdenci\u00e1rio tenha car\u00e1ter contributivo, n\u00e3o viola o princ\u00edpio da legalidade nem configura confisco, nos termos da jurisprud\u00eancia consolidada do STF. Em decis\u00e3o paradigm\u00e1tica (ADPF n. 418), a Corte assentou a possibilidade de <b>convers\u00e3o da pena de perda da fun\u00e7\u00e3o p\u00fablica em cassa\u00e7\u00e3o de aposentadoria<\/b>, especialmente quando esta constitui a \u00fanica san\u00e7\u00e3o poss\u00edvel no caso concreto, de forma a evitar tratamento desigual entre servidores ativos e inativos.<\/p>\n<p style=\"text-align: justify;\">Nesse contexto, a san\u00e7\u00e3o de cassa\u00e7\u00e3o da aposentadoria mant\u00e9m coer\u00eancia com os princ\u00edpios da moralidade administrativa e da igualdade, n\u00e3o implicando enriquecimento sem causa por parte do Estado, tampouco afronta ao car\u00e1ter contributivo-solid\u00e1rio do regime previdenci\u00e1rio dos servidores p\u00fablicos. Trata-se de medida leg\u00edtima que visa resguardar a integridade do servi\u00e7o p\u00fablico, punindo condutas incompat\u00edveis com a dignidade da fun\u00e7\u00e3o p\u00fablica, mesmo ap\u00f3s a inativa\u00e7\u00e3o do agente.<\/p>\n<p style=\"text-align: justify;\">Portanto, \u00e0 luz do entendimento vinculante da Suprema Corte, a aplica\u00e7\u00e3o da penalidade de cassa\u00e7\u00e3o da aposentadoria \u00e9 juridicamente v\u00e1lida e adequada ao ordenamento jur\u00eddico, revelando-se instrumento necess\u00e1rio \u00e0 efetiva\u00e7\u00e3o da responsabilidade administrativa do servidor.<\/p>\n<p style=\"text-align: justify;\"><b>RESUMO<\/b>: A cassa\u00e7\u00e3o da aposentadoria de servidor p\u00fablico, como consequ\u00eancia da perda da fun\u00e7\u00e3o p\u00fablica por ato de improbidade administrativa, \u00e9 admiss\u00edvel mesmo sem previs\u00e3o expressa na Lei de Improbidade Administrativa, n\u00e3o configurando confisco ou enriquecimento il\u00edcito do Estado.<\/p>\n<p style=\"text-align: justify;\">MS 26.106-DF, Rel. Ministro Marco Aur\u00e9lio Bellizze, Primeira Se\u00e7\u00e3o, por unanimidade, julgado em 5\/6\/2025, DJEN 13\/6\/2025.<\/p>\n","protected":false},"excerpt":{"rendered":"<p>Compatibilidade com o princ\u00edpio da legalidade e a jurisprud\u00eancia do STF<\/p>\n","protected":false},"author":1,"featured_media":1789,"comment_status":"open","ping_status":"open","sticky":false,"template":"","format":"standard","meta":{"footnotes":""},"categories":[143],"tags":[259,510,480,35],"class_list":["post-1787","post","type-post","status-publish","format-standard","has-post-thumbnail","hentry","category-pilulas-juridicas","tag-aposentadoria","tag-servico-publico","tag-servidor-publico","tag-stf"],"_links":{"self":[{"href":"https:\/\/gabaritojuridico.com.br\/index.php?rest_route=\/wp\/v2\/posts\/1787","targetHints":{"allow":["GET"]}}],"collection":[{"href":"https:\/\/gabaritojuridico.com.br\/index.php?rest_route=\/wp\/v2\/posts"}],"about":[{"href":"https:\/\/gabaritojuridico.com.br\/index.php?rest_route=\/wp\/v2\/types\/post"}],"author":[{"embeddable":true,"href":"https:\/\/gabaritojuridico.com.br\/index.php?rest_route=\/wp\/v2\/users\/1"}],"replies":[{"embeddable":true,"href":"https:\/\/gabaritojuridico.com.br\/index.php?rest_route=%2Fwp%2Fv2%2Fcomments&post=1787"}],"version-history":[{"count":2,"href":"https:\/\/gabaritojuridico.com.br\/index.php?rest_route=\/wp\/v2\/posts\/1787\/revisions"}],"predecessor-version":[{"id":1791,"href":"https:\/\/gabaritojuridico.com.br\/index.php?rest_route=\/wp\/v2\/posts\/1787\/revisions\/1791"}],"wp:featuredmedia":[{"embeddable":true,"href":"https:\/\/gabaritojuridico.com.br\/index.php?rest_route=\/wp\/v2\/media\/1789"}],"wp:attachment":[{"href":"https:\/\/gabaritojuridico.com.br\/index.php?rest_route=%2Fwp%2Fv2%2Fmedia&parent=1787"}],"wp:term":[{"taxonomy":"category","embeddable":true,"href":"https:\/\/gabaritojuridico.com.br\/index.php?rest_route=%2Fwp%2Fv2%2Fcategories&post=1787"},{"taxonomy":"post_tag","embeddable":true,"href":"https:\/\/gabaritojuridico.com.br\/index.php?rest_route=%2Fwp%2Fv2%2Ftags&post=1787"}],"curies":[{"name":"wp","href":"https:\/\/api.w.org\/{rel}","templated":true}]}}