{"id":1783,"date":"2025-07-28T10:01:15","date_gmt":"2025-07-28T13:01:15","guid":{"rendered":"https:\/\/gabaritojuridico.com.br\/?p=1783"},"modified":"2025-07-28T10:01:15","modified_gmt":"2025-07-28T13:01:15","slug":"fibromialgia-como-deficiencia-a-lei-no-15-176-2025-e-seus-impactos-no-ordenamento-brasileiro","status":"publish","type":"post","link":"https:\/\/gabaritojuridico.com.br\/?p=1783","title":{"rendered":"Fibromialgia como defici\u00eancia: a Lei n\u00ba 15.176\/2025 e seus impactos no ordenamento brasileiro"},"content":{"rendered":"<p style=\"text-align: justify;\">A promulga\u00e7\u00e3o da Lei n\u00ba 15.176, de 23 de julho de 2025, representa marco significativo na tutela jur\u00eddica das pessoas com condi\u00e7\u00f5es cr\u00f4nicas debilitantes no Brasil, ao reconhecer a fibromialgia, a s\u00edndrome da fadiga cr\u00f4nica e a dor regional complexa como defici\u00eancias para fins legais. A norma, que entra em vigor em janeiro de 2026, visa conferir prote\u00e7\u00e3o ampliada aos portadores dessas condi\u00e7\u00f5es, inserindo-os no regime jur\u00eddico da pessoa com defici\u00eancia (PcD) nos termos da Lei n\u00ba 13.146\/2015 (Estatuto da Pessoa com Defici\u00eancia) e demais normas correlatas.<\/p>\n<p style=\"text-align: justify;\">O novo diploma legal resulta de um movimento legislativo que buscou uniformizar nacionalmente o tratamento jur\u00eddico das s\u00edndromes cr\u00f4nicas que, embora n\u00e3o manifestem les\u00f5es f\u00edsicas objetivas, podem acarretar impedimentos relevantes ao exerc\u00edcio de direitos fundamentais. A norma foi aprovada sem vetos e publicada no Di\u00e1rio Oficial da Uni\u00e3o em 24 de julho de 2025, com vac\u00e2ncia de 180 dias.<\/p>\n<p style=\"text-align: justify;\">A nova reda\u00e7\u00e3o legal inseriu as condi\u00e7\u00f5es mencionadas no rol de situa\u00e7\u00f5es pass\u00edveis de enquadramento como defici\u00eancia, <b>condicionando sua aplica\u00e7\u00e3o \u00e0 comprova\u00e7\u00e3o, mediante avalia\u00e7\u00e3o biopsicossocial, da exist\u00eancia de impedimentos de longo prazo que, em intera\u00e7\u00e3o com barreiras, obstruam a participa\u00e7\u00e3o plena e efetiva na sociedade em igualdade de condi\u00e7\u00f5es com as demais pessoas<\/b> (conforme definido no art. 2\u00ba do Estatuto da PcD).<\/p>\n<p style=\"text-align: justify;\">Importante destacar que <b>a equipara\u00e7\u00e3o legal n\u00e3o se d\u00e1 de forma autom\u00e1tica<\/b>. A legisla\u00e7\u00e3o prev\u00ea, em conson\u00e2ncia com as diretrizes j\u00e1 estabelecidas pelo Estatuto da Pessoa com Defici\u00eancia, a exig\u00eancia de avalia\u00e7\u00e3o t\u00e9cnica e multidisciplinar para aferi\u00e7\u00e3o da defici\u00eancia, reiterando a compreens\u00e3o de que a fibromialgia pode, mas nem sempre gera, condi\u00e7\u00e3o incapacitante relevante para fins jur\u00eddicos.<\/p>\n<p style=\"text-align: justify;\">A inclus\u00e3o da fibromialgia no regime jur\u00eddico das PcDs repercute diretamente em diversas esferas do direito, ampliando o acesso dos pacientes aos seguintes direitos:<\/p>\n<p style=\"text-align: justify;\"><b>\u00a0Direito ao trabalho e \u00e0 inclus\u00e3o profissional<\/b><\/p>\n<p style=\"text-align: justify;\">Com a vig\u00eancia da nova norma, os portadores de fibromialgia com limita\u00e7\u00f5es funcionais comprovadas passam a integrar:<\/p>\n<ul style=\"text-align: justify;\">\n<li aria-level=\"1\">o regime de cotas em concursos, garantindo participa\u00e7\u00e3o nas vagas reservadas a PcDs;<\/li>\n<li aria-level=\"1\">a Lei n\u00ba 8.213\/1991, que imp\u00f5e a empresas com mais de 100 empregados a reserva de 2% a 5% dos cargos a pessoas com defici\u00eancia, conforme o art. 93 do referido diploma legal.<\/li>\n<\/ul>\n<p style=\"text-align: justify;\"><b>Benef\u00edcios assistenciais e previdenci\u00e1rios<\/b><\/p>\n<p style=\"text-align: justify;\">A nova lei favorece o acesso de fibromi\u00e1lgicos ao Benef\u00edcio de Presta\u00e7\u00e3o Continuada (BPC\/LOAS), desde que preenchidos os crit\u00e9rios de renda e avalia\u00e7\u00e3o biopsicossocial, superando o entrave jur\u00eddico anterior, que exigia demonstra\u00e7\u00e3o judicial de defici\u00eancia funcional diante da aus\u00eancia de previs\u00e3o legal expressa.<\/p>\n<p style=\"text-align: justify;\">Do ponto de vista previdenci\u00e1rio, os pacientes passam a ter respaldo jur\u00eddico refor\u00e7ado para pleitear:<\/p>\n<ul style=\"text-align: justify;\">\n<li aria-level=\"1\">aposentadoria da pessoa com defici\u00eancia (LC n\u00ba 142\/2013), mediante avalia\u00e7\u00e3o do grau da defici\u00eancia;<\/li>\n<li aria-level=\"1\">aposentadoria por incapacidade permanente e aux\u00edlio por incapacidade tempor\u00e1ria, com base na combina\u00e7\u00e3o de avalia\u00e7\u00e3o m\u00e9dica e impacto funcional da s\u00edndrome.<\/li>\n<\/ul>\n<p style=\"text-align: justify;\"><b>Direitos fiscais e tribut\u00e1rios<\/b><\/p>\n<p style=\"text-align: justify;\">A norma possibilita aos fibromi\u00e1lgicos, uma vez reconhecida a defici\u00eancia, o acesso a isen\u00e7\u00f5es fiscais, tais como:<\/p>\n<ul style=\"text-align: justify;\">\n<li aria-level=\"1\">IPI, ICMS, IPVA e IOF na aquisi\u00e7\u00e3o de ve\u00edculos adaptados ou autom\u00e1ticos;<\/li>\n<li aria-level=\"1\">isen\u00e7\u00e3o de IPTU, conforme legisla\u00e7\u00e3o local;<\/li>\n<li aria-level=\"1\">isen\u00e7\u00e3o de IR sobre aposentadorias, quando demonstrada mol\u00e9stia incapacitante.<\/li>\n<\/ul>\n<p style=\"text-align: justify;\">O reconhecimento amplia o acesso a todas as pol\u00edticas p\u00fablicas voltadas \u00e0s PcDs, como atendimento preferencial, acessibilidade, passe livre interestadual, moradias adaptadas, entre outros, conforme previstos no Estatuto da PcD e demais legisla\u00e7\u00f5es infraconstitucionais.<\/p>\n<p style=\"text-align: justify;\">Do ponto de vista t\u00e9cnico-cient\u00edfico, a fibromialgia \u00e9 reconhecida como uma s\u00edndrome dolorosa cr\u00f4nica, sem cura definitiva, que pode acarretar severo comprometimento funcional, sobretudo em casos graves. Tal reconhecimento fundamenta a inser\u00e7\u00e3o da patologia no regime jur\u00eddico das defici\u00eancias, desde que observada a individualidade dos casos.<\/p>\n<p style=\"text-align: justify;\">Entidades m\u00e9dicas como a Sociedade Brasileira de Reumatologia (SBR) e a Sociedade Brasileira para o Estudo da Dor (SBED) expressaram apoio institucional \u00e0 nova legisla\u00e7\u00e3o, desde que aplicada com rigor t\u00e9cnico. A SBR defende que o simples diagn\u00f3stico cl\u00ednico da fibromialgia n\u00e3o deve ser automaticamente vinculado a direitos de PcD, cabendo avalia\u00e7\u00e3o individual sobre o grau de limita\u00e7\u00e3o funcional.<\/p>\n<p style=\"text-align: justify;\">A avalia\u00e7\u00e3o multiprofissional exigida pela lei assegura a aplica\u00e7\u00e3o do modelo biopsicossocial previsto no Estatuto da PcD, garantindo seguran\u00e7a jur\u00eddica e prote\u00e7\u00e3o contra fraudes, conforme j\u00e1 defendido em pareceres t\u00e9cnicos de conselhos m\u00e9dicos.<\/p>\n<p style=\"text-align: justify;\">Mesmo antes da edi\u00e7\u00e3o da Lei n\u00ba 15.176\/2025, o Poder Judici\u00e1rio j\u00e1 enfrentava demandas envolvendo fibromialgia, reconhecendo, em algumas hip\u00f3teses, a possibilidade de aposentadoria por incapacidade ou tempo de contribui\u00e7\u00e3o especial (PcD), com base na comprova\u00e7\u00e3o de impedimento funcional prolongado.<\/p>\n<p style=\"text-align: justify;\">Decis\u00f5es do TRF4 e de tribunais estaduais (como o TJDFT) j\u00e1 vinham admitindo, em hip\u00f3teses concretas, a concess\u00e3o de benef\u00edcios assistenciais e previdenci\u00e1rios, desde que comprovada a limita\u00e7\u00e3o severa imposta pela s\u00edndrome. A jurisprud\u00eancia demonstrava sensibilidade ao tema, mas esbarrava na aus\u00eancia de previs\u00e3o legal expressa, lacuna agora suprida pela nova legisla\u00e7\u00e3o.<\/p>\n<p style=\"text-align: justify;\">A judicializa\u00e7\u00e3o envolvendo leis estaduais e distritais (caso da Lei Distrital n\u00ba 7.336\/2023) que reconheceram fibromialgia como defici\u00eancia sem base federal e sem exig\u00eancia de avalia\u00e7\u00e3o multiprofissional tamb\u00e9m contribuiu para evidenciar a necessidade de uniformiza\u00e7\u00e3o da norma em n\u00edvel nacional, finalidade atendida pela Lei n\u00ba 15.176\/2025.<\/p>\n<p style=\"text-align: justify;\">Portanto, a promulga\u00e7\u00e3o da Lei n\u00ba 15.176\/2025 representa avan\u00e7o significativo na pol\u00edtica de inclus\u00e3o e prote\u00e7\u00e3o das pessoas com condi\u00e7\u00f5es cr\u00f4nicas incapacitantes, conferindo seguran\u00e7a jur\u00eddica ao reconhecimento da fibromialgia como causa potencial de defici\u00eancia. Ao condicionar esse reconhecimento \u00e0 avalia\u00e7\u00e3o multiprofissional, a norma evita generaliza\u00e7\u00f5es indevidas, respeitando a complexidade da condi\u00e7\u00e3o e assegurando a aplica\u00e7\u00e3o individualizada do direito.<\/p>\n<p style=\"text-align: justify;\">Sob a perspectiva jur\u00eddica, a nova legisla\u00e7\u00e3o consolida entendimento j\u00e1 sinalizado por precedentes judiciais e atende \u00e0 leg\u00edtima expectativa de pacientes e associa\u00e7\u00f5es civis, garantindo acesso igualit\u00e1rio a direitos assistenciais, previdenci\u00e1rios e sociais.<\/p>\n<p style=\"text-align: justify;\">Por fim, trata-se de norma que concretiza os princ\u00edpios constitucionais da dignidade da pessoa humana, da isonomia material e da prote\u00e7\u00e3o especial \u00e0s pessoas com defici\u00eancia (arts. 1\u00ba, III; 5\u00ba, caput; e 23, II, da Constitui\u00e7\u00e3o Federal), devendo ser aplicada com crit\u00e9rio, mas tamb\u00e9m com sensibilidade \u00e0 realidade social daqueles que sofrem com os efeitos incapacitantes da fibromialgia.<\/p>\n","protected":false},"excerpt":{"rendered":"<p>Reconhecimento legal, crit\u00e9rios de avalia\u00e7\u00e3o biopsicossocial, efeitos pr\u00e1ticos e respaldo t\u00e9cnico-cient\u00edfico da equipara\u00e7\u00e3o da fibromialgia ao conceito de pessoa com defici\u00eancia (PcD) no Brasil.<\/p>\n","protected":false},"author":1,"featured_media":1784,"comment_status":"open","ping_status":"open","sticky":false,"template":"","format":"standard","meta":{"footnotes":""},"categories":[4],"tags":[508,507,509],"class_list":["post-1783","post","type-post","status-publish","format-standard","has-post-thumbnail","hentry","category-artigos","tag-doenca","tag-fibromialgia","tag-pcd"],"_links":{"self":[{"href":"https:\/\/gabaritojuridico.com.br\/index.php?rest_route=\/wp\/v2\/posts\/1783","targetHints":{"allow":["GET"]}}],"collection":[{"href":"https:\/\/gabaritojuridico.com.br\/index.php?rest_route=\/wp\/v2\/posts"}],"about":[{"href":"https:\/\/gabaritojuridico.com.br\/index.php?rest_route=\/wp\/v2\/types\/post"}],"author":[{"embeddable":true,"href":"https:\/\/gabaritojuridico.com.br\/index.php?rest_route=\/wp\/v2\/users\/1"}],"replies":[{"embeddable":true,"href":"https:\/\/gabaritojuridico.com.br\/index.php?rest_route=%2Fwp%2Fv2%2Fcomments&post=1783"}],"version-history":[{"count":1,"href":"https:\/\/gabaritojuridico.com.br\/index.php?rest_route=\/wp\/v2\/posts\/1783\/revisions"}],"predecessor-version":[{"id":1785,"href":"https:\/\/gabaritojuridico.com.br\/index.php?rest_route=\/wp\/v2\/posts\/1783\/revisions\/1785"}],"wp:featuredmedia":[{"embeddable":true,"href":"https:\/\/gabaritojuridico.com.br\/index.php?rest_route=\/wp\/v2\/media\/1784"}],"wp:attachment":[{"href":"https:\/\/gabaritojuridico.com.br\/index.php?rest_route=%2Fwp%2Fv2%2Fmedia&parent=1783"}],"wp:term":[{"taxonomy":"category","embeddable":true,"href":"https:\/\/gabaritojuridico.com.br\/index.php?rest_route=%2Fwp%2Fv2%2Fcategories&post=1783"},{"taxonomy":"post_tag","embeddable":true,"href":"https:\/\/gabaritojuridico.com.br\/index.php?rest_route=%2Fwp%2Fv2%2Ftags&post=1783"}],"curies":[{"name":"wp","href":"https:\/\/api.w.org\/{rel}","templated":true}]}}