{"id":1742,"date":"2025-07-14T09:07:43","date_gmt":"2025-07-14T12:07:43","guid":{"rendered":"https:\/\/gabaritojuridico.com.br\/?p=1742"},"modified":"2025-07-14T09:07:43","modified_gmt":"2025-07-14T12:07:43","slug":"a-lei-da-reciprocidade-economica-instrumento-juridico-de-defesa-comercial-e-soberania-nacional","status":"publish","type":"post","link":"https:\/\/gabaritojuridico.com.br\/?p=1742","title":{"rendered":"A LEI DA RECIPROCIDADE ECON\u00d4MICA: INSTRUMENTO JUR\u00cdDICO DE DEFESA COMERCIAL E SOBERANIA NACIONAL"},"content":{"rendered":"<p style=\"text-align: justify;\">A Lei n\u00ba 15.122, sancionada em 14 de abril de 2024, representa um marco estrat\u00e9gico na pol\u00edtica comercial externa brasileira. Denominada <b><i>Lei da Reciprocidade Econ\u00f4mica<\/i><\/b>, o diploma legal inaugura um regime normativo voltado \u00e0 autoriza\u00e7\u00e3o, pelo Poder Executivo, da ado\u00e7\u00e3o de <b><i>contramedidas<\/i><\/b> contra pr\u00e1ticas comerciais unilaterais que afetem negativamente a competitividade internacional do Brasil. Trata-se de rea\u00e7\u00e3o jur\u00eddica e institucional do Estado brasileiro a medidas protecionistas ou ambientalmente desproporcionais oriundas de pa\u00edses ou blocos econ\u00f4micos estrangeiros, em especial diante da <b>intensifica\u00e7\u00e3o de barreiras tarif\u00e1rias<\/b>.<\/p>\n<p style=\"text-align: justify;\">O artigo 1\u00ba da Lei n\u00ba 15.122 estabelece como objetivo primordial a cria\u00e7\u00e3o de crit\u00e9rios para a <b>suspens\u00e3o de concess\u00f5es comerciais, de investimentos e de obriga\u00e7\u00f5es relativas a direitos de propriedade intelectual<\/b>, em resposta a medidas unilaterais estrangeiras. Tais medidas devem impactar de forma direta e negativa a inser\u00e7\u00e3o competitiva do Brasil nos fluxos internacionais de com\u00e9rcio e investimento.<\/p>\n<p style=\"text-align: justify;\">A lei fundamenta-se no <b><i>princ\u00edpio da reciprocidade internacional<\/i><\/b>, orientado pela cl\u00e1usula de tratamento justo e equitativo nos acordos comerciais multilaterais, em conson\u00e2ncia com os artigos 9\u00ba e 84 da Constitui\u00e7\u00e3o Federal, que conferem ao Executivo compet\u00eancia para a condu\u00e7\u00e3o das rela\u00e7\u00f5es exteriores e celebra\u00e7\u00e3o de acordos internacionais, bem como com os compromissos assumidos no \u00e2mbito da Organiza\u00e7\u00e3o Mundial do Com\u00e9rcio (OMC).<\/p>\n<p style=\"text-align: justify;\">Nos termos do artigo 2\u00ba da Lei, as contramedidas brasileiras poder\u00e3o ser adotadas quando houver:<\/p>\n<p style=\"text-align: justify;\"><b>I<\/b> \u2013 interfer\u00eancia em decis\u00f5es soberanas do Estado brasileiro mediante amea\u00e7as de san\u00e7\u00f5es unilaterais;<\/p>\n<p style=\"text-align: justify;\"><b>II<\/b> \u2013 viola\u00e7\u00e3o a compromissos comerciais multilaterais;<\/p>\n<p style=\"text-align: justify;\"><b>III<\/b> \u2013 imposi\u00e7\u00e3o de barreiras ambientais unilaterais mais restritivas que as normas ambientais internas.<\/p>\n<p style=\"text-align: justify;\">O inciso III consagra uma <b>resposta jur\u00eddica proporcional \u00e0s medidas ambientais protecionistas<\/b> que n\u00e3o observam as assimetrias de capacidades dos pa\u00edses signat\u00e1rios do Acordo de Paris (Decreto n\u00ba 9.073\/2017), al\u00e9m de reconhecer os compromissos ambientais brasileiros j\u00e1 positivados, como o C\u00f3digo Florestal (Lei n\u00ba 12.651\/2012), a Pol\u00edtica Nacional sobre Mudan\u00e7a do Clima (Lei n\u00ba 12.187\/2009) e a Pol\u00edtica Nacional do Meio Ambiente (Lei n\u00ba 6.938\/1981).<\/p>\n<p style=\"text-align: justify;\">O artigo 3\u00ba autoriza expressamente a ado\u00e7\u00e3o de <b>contramedidas de natureza comercial, financeira e em propriedade intelectual<\/b>, inclusive com suspens\u00e3o de obriga\u00e7\u00f5es previstas em acordos internacionais. A t\u00e9cnica legislativa remete \u00e0 <b>flexibilidade regulamentar<\/b>, a ser operacionalizada por ato infralegal, conforme previsto no artigo 5\u00ba.<\/p>\n<p style=\"text-align: justify;\">Portanto, a efetividade das contramedidas previstas na lei est\u00e1 condicionada \u00e0 adequada regulamenta\u00e7\u00e3o infralegal, a ser realizada por meio de <b>decreto<\/b> do Poder Executivo. O artigo 5\u00ba da norma imp\u00f5e a necessidade de estrutura\u00e7\u00e3o procedimental para a aplica\u00e7\u00e3o dos dispositivos contidos nos artigos 2\u00ba e 3\u00ba, exigindo, entre outras medidas, a <b>realiza\u00e7\u00e3o de consultas p\u00fablicas<\/b>, a <b>fixa\u00e7\u00e3o de prazos para an\u00e1lise dos pleitos<\/b> e a <b>defini\u00e7\u00e3o concreta das contramedidas cab\u00edveis<\/b>. Trata-se de medida imprescind\u00edvel para assegurar transpar\u00eancia, participa\u00e7\u00e3o social e previsibilidade administrativa, em conson\u00e2ncia com os princ\u00edpios da legalidade, efici\u00eancia e motiva\u00e7\u00e3o dos atos estatais (art. 37, <i>caput<\/i>, da Constitui\u00e7\u00e3o Federal).<\/p>\n<p style=\"text-align: justify;\">Nesse sentido, a regulamenta\u00e7\u00e3o por decreto representa n\u00e3o apenas um exerc\u00edcio leg\u00edtimo de compet\u00eancia administrativa, mas tamb\u00e9m um instrumento necess\u00e1rio \u00e0 <b>conforma\u00e7\u00e3o da norma legal com os par\u00e2metros t\u00e9cnicos e econ\u00f4micos<\/b> atualizados, permitindo ao Poder Executivo adaptar suas decis\u00f5es \u00e0s particularidades de cada caso concreto.<\/p>\n<p style=\"text-align: justify;\">Al\u00e9m disso, as contramedidas devem respeitar os princ\u00edpios da <b>proporcionalidade e da razoabilidade<\/b> (art. 3\u00ba, \u00a7\u00a7 2\u00ba e 3\u00ba), devendo o impacto econ\u00f4mico ser criteriosamente calculado. A norma exige ainda que as medidas adotadas evitem custos administrativos excessivos e prejudiquem o m\u00ednimo poss\u00edvel a atividade econ\u00f4mica nacional, exig\u00eancia alinhada ao princ\u00edpio da efici\u00eancia (CF, art. 37, <i>caput<\/i>).<\/p>\n<p style=\"text-align: justify;\">O artigo 4\u00ba da lei enfatiza que, <b>antes da ado\u00e7\u00e3o das contramedidas<\/b>, dever\u00e3o ser realizadas consultas diplom\u00e1ticas com o pa\u00eds ou bloco ofensores. A medida respeita a l\u00f3gica da solu\u00e7\u00e3o pac\u00edfica de controv\u00e9rsias prevista no artigo 4\u00ba, inciso II, da Constitui\u00e7\u00e3o Federal, bem como o sistema de solu\u00e7\u00e3o de controv\u00e9rsias da OMC (Entendimento sobre Solu\u00e7\u00e3o de Controv\u00e9rsias \u2013 ESC).<\/p>\n<p style=\"text-align: justify;\">A norma permite (art. 6\u00ba) a <b>ado\u00e7\u00e3o provis\u00f3ria de contramedidas em situa\u00e7\u00f5es excepcionais<\/b>, com posterior revis\u00e3o, conforme os resultados de negocia\u00e7\u00e3o e monitoramento diplom\u00e1tico (art. 7\u00ba). Este dispositivo dota o Poder Executivo de <b>responsividade estrat\u00e9gica<\/b>, sem renunciar ao controle e \u00e0 revis\u00e3o das medidas adotadas.<\/p>\n<p style=\"text-align: justify;\">Por fim, o artigo 9\u00ba afasta, em car\u00e1ter excepcional, o \u00a7 1\u00ba do artigo 10 da Lei n\u00ba 14.195\/2021 (Lei do Ambiente de Neg\u00f3cios), no que tange \u00e0 imposi\u00e7\u00e3o de licen\u00e7as para importa\u00e7\u00f5es, sempre que a medida for decorrente de contramedida prevista nesta lei. Tal exce\u00e7\u00e3o <b>fortalece a autonomia normativa nacional diante de pr\u00e1ticas comerciais coercitivas externas<\/b>.<\/p>\n<p style=\"text-align: justify;\">A edi\u00e7\u00e3o da Lei n\u00ba 15.122 revela um movimento de reafirma\u00e7\u00e3o da soberania econ\u00f4mica do Brasil, especialmente diante de epis\u00f3dios recentes, como a tarifa\u00e7\u00e3o imposta pelos Estados Unidos a produtos sider\u00fargicos brasileiros, citada no hist\u00f3rico legislativo da norma. A recente tarifa\u00e7\u00e3o de 50% sobre o a\u00e7o e alum\u00ednio brasileiro representa, na pr\u00e1tica, uma medida de natureza unilateral e protecionista, em confronto com os princ\u00edpios do com\u00e9rcio internacional.<\/p>\n<p style=\"text-align: justify;\">A Lei da Reciprocidade Econ\u00f4mica constitui instrumento normativo essencial \u00e0 <b>autodefesa jur\u00eddica do Brasil no sistema multilateral de com\u00e9rcio<\/b>. Refor\u00e7a o papel do Estado na prote\u00e7\u00e3o de sua economia contra pr\u00e1ticas comerciais desleais, ao mesmo tempo em que assegura conformidade com os princ\u00edpios da coopera\u00e7\u00e3o internacional, da proporcionalidade, da transpar\u00eancia e da participa\u00e7\u00e3o institucional.<\/p>\n<p style=\"text-align: justify;\">Trata-se de um avan\u00e7o normativo alinhado ao interesse p\u00fablico e \u00e0 soberania nacional, diante de um cen\u00e1rio de crescente instrumentaliza\u00e7\u00e3o de barreiras ambientais e comerciais por pot\u00eancias econ\u00f4micas.<\/p>\n<p style=\"text-align: justify;\">A nova lei legitima a ado\u00e7\u00e3o de retalia\u00e7\u00f5es proporcionais e controladas, sem abrir m\u00e3o da diplomacia e da racionalidade econ\u00f4mica, posicionando o Brasil de forma mais aut\u00f4noma, proativa e resiliente no contexto das rela\u00e7\u00f5es comerciais internacionais.<\/p>\n","protected":false},"excerpt":{"rendered":"<p>An\u00e1lise da Lei n\u00ba 15.122\/2024 como resposta normativa \u00e0s pr\u00e1ticas unilaterais internacionais que comprometem a competitividade brasileira e os princ\u00edpios do com\u00e9rcio justo.<\/p>\n","protected":false},"author":1,"featured_media":1743,"comment_status":"open","ping_status":"open","sticky":false,"template":"","format":"standard","meta":{"footnotes":""},"categories":[4],"tags":[496,156,495,494,497],"class_list":["post-1742","post","type-post","status-publish","format-standard","has-post-thumbnail","hentry","category-artigos","tag-comercio","tag-direito-internacional","tag-economia","tag-reciprocidade-economica","tag-soberania-nacional"],"_links":{"self":[{"href":"https:\/\/gabaritojuridico.com.br\/index.php?rest_route=\/wp\/v2\/posts\/1742","targetHints":{"allow":["GET"]}}],"collection":[{"href":"https:\/\/gabaritojuridico.com.br\/index.php?rest_route=\/wp\/v2\/posts"}],"about":[{"href":"https:\/\/gabaritojuridico.com.br\/index.php?rest_route=\/wp\/v2\/types\/post"}],"author":[{"embeddable":true,"href":"https:\/\/gabaritojuridico.com.br\/index.php?rest_route=\/wp\/v2\/users\/1"}],"replies":[{"embeddable":true,"href":"https:\/\/gabaritojuridico.com.br\/index.php?rest_route=%2Fwp%2Fv2%2Fcomments&post=1742"}],"version-history":[{"count":1,"href":"https:\/\/gabaritojuridico.com.br\/index.php?rest_route=\/wp\/v2\/posts\/1742\/revisions"}],"predecessor-version":[{"id":1744,"href":"https:\/\/gabaritojuridico.com.br\/index.php?rest_route=\/wp\/v2\/posts\/1742\/revisions\/1744"}],"wp:featuredmedia":[{"embeddable":true,"href":"https:\/\/gabaritojuridico.com.br\/index.php?rest_route=\/wp\/v2\/media\/1743"}],"wp:attachment":[{"href":"https:\/\/gabaritojuridico.com.br\/index.php?rest_route=%2Fwp%2Fv2%2Fmedia&parent=1742"}],"wp:term":[{"taxonomy":"category","embeddable":true,"href":"https:\/\/gabaritojuridico.com.br\/index.php?rest_route=%2Fwp%2Fv2%2Fcategories&post=1742"},{"taxonomy":"post_tag","embeddable":true,"href":"https:\/\/gabaritojuridico.com.br\/index.php?rest_route=%2Fwp%2Fv2%2Ftags&post=1742"}],"curies":[{"name":"wp","href":"https:\/\/api.w.org\/{rel}","templated":true}]}}