{"id":1723,"date":"2025-07-07T09:14:01","date_gmt":"2025-07-07T12:14:01","guid":{"rendered":"https:\/\/gabaritojuridico.com.br\/?p=1723"},"modified":"2025-07-07T09:14:01","modified_gmt":"2025-07-07T12:14:01","slug":"iof-extrafiscalidade-e-controle-jurisdicional-a-suspensao-de-decretos-pelo-stf-e-os-limites-constitucionais-da-atuacao-dos-poderes","status":"publish","type":"post","link":"https:\/\/gabaritojuridico.com.br\/?p=1723","title":{"rendered":"IOF, extrafiscalidade e controle jurisdicional: a suspens\u00e3o de decretos pelo STF e os limites constitucionais da atua\u00e7\u00e3o dos poderes"},"content":{"rendered":"<p style=\"text-align: justify;\">A Constitui\u00e7\u00e3o da Rep\u00fablica de 1988 estrutura o sistema tribut\u00e1rio nacional com base em princ\u00edpios constitucionais fundamentais, notadamente o princ\u00edpio da legalidade (art. 150, I), o da anterioridade (art. 150, III, \u201cb\u201d) e o da anterioridade nonagesimal (art. 150, III, \u201cc\u201d). Contudo, tais princ\u00edpios admitem <i>exce\u00e7\u00f5es<\/i> expressas, mormente no que se refere \u00e0 tributa\u00e7\u00e3o <i>extrafiscal<\/i>, como \u00e9 o caso do Imposto sobre Opera\u00e7\u00f5es Financeiras (IOF). A quest\u00e3o que se imp\u00f5e \u00e9: pode o Congresso Nacional sustar decreto presidencial que, em conformidade com a Constitui\u00e7\u00e3o e com a legisla\u00e7\u00e3o infraconstitucional, majora al\u00edquotas do IOF?<\/p>\n<p style=\"text-align: justify;\">Nos termos do artigo 153, \u00a71\u00ba, da Constitui\u00e7\u00e3o Federal, compete ao Poder Executivo alterar as al\u00edquotas do IOF, <b>observados os limites estabelecidos em lei<\/b>. Trata-se de hip\u00f3tese constitucional de delega\u00e7\u00e3o normativa autorizada, que permite flexibilidade para fins de regula\u00e7\u00e3o da economia, dada a finalidade extrafiscal do tributo.<\/p>\n<p style=\"text-align: justify;\">Adicionalmente, o artigo 150, \u00a71\u00ba, da CF\/88 excepciona expressamente o IOF da aplica\u00e7\u00e3o dos princ\u00edpios da anterioridade anual e nonagesimal. Em outras palavras, as altera\u00e7\u00f5es de al\u00edquotas do IOF por decreto presidencial podem <b>produzir efeitos imediatos<\/b>.<\/p>\n<p style=\"text-align: justify;\">A <b>Lei n\u00ba 8.894\/1994<\/b>, em conson\u00e2ncia com os ditames constitucionais, estabelece no art. 1\u00ba, \u00a72\u00ba, que o Poder Executivo poder\u00e1 alterar as al\u00edquotas do IOF respeitando o <b>limite m\u00e1ximo de 1,5% ao dia<\/b>, nas opera\u00e7\u00f5es de cr\u00e9dito e com valores mobili\u00e1rios, e de at\u00e9 <b>25% sobre o valor das opera\u00e7\u00f5es com derivativos<\/b>. Assim, ao editar o Decreto n\u00ba 12.499\/2025, o Presidente da Rep\u00fablica atuou nos estritos limites legais e constitucionais.<\/p>\n<p style=\"text-align: justify;\">A compet\u00eancia regulamentar do Presidente da Rep\u00fablica est\u00e1 prevista no artigo 84, IV, da Constitui\u00e7\u00e3o, segundo o qual compete a ele expedir decretos e regulamentos para a fiel execu\u00e7\u00e3o das leis. No caso espec\u00edfico do IOF, trata-se de regulamenta\u00e7\u00e3o autorizada expressamente pela Constitui\u00e7\u00e3o (art. 153, \u00a71\u00ba) e pela lei ordin\u00e1ria (Lei n\u00ba 8.894\/1994).<\/p>\n<p style=\"text-align: justify;\">Por seu turno, o artigo 49, V, da Constitui\u00e7\u00e3o disp\u00f5e que \u00e9 da compet\u00eancia exclusiva do Congresso Nacional <b>sustar os atos normativos do Poder Executivo que exorbitem do poder regulamentar <\/b>ou dos limites de delega\u00e7\u00e3o legislativa. N\u00e3o obstante, quando o decreto presidencial se limita a operar dentro das balizas legais e constitucionais, n\u00e3o h\u00e1 exorbit\u00e2ncia a ser reprimida.<\/p>\n<p style=\"text-align: justify;\">O poder regulamentar n\u00e3o se confunde com inova\u00e7\u00e3o no ordenamento jur\u00eddico. Assim, se o decreto apenas operacionaliza normas legais, respeitando os limites delegados, n\u00e3o \u00e9 pass\u00edvel de susta\u00e7\u00e3o por decreto legislativo.<\/p>\n<p style=\"text-align: justify;\">O IOF \u00e9 um tributo de <b>natureza predominantemente extrafiscal<\/b>, utilizado como instrumento de pol\u00edtica monet\u00e1ria, cambial e credit\u00edcia. A varia\u00e7\u00e3o de suas al\u00edquotas visa \u00e0 regula\u00e7\u00e3o do mercado financeiro, sendo dotada de forte carga de conveni\u00eancia e oportunidade administrativa. Por essa raz\u00e3o, a legalidade da majora\u00e7\u00e3o n\u00e3o depende de ju\u00edzo pol\u00edtico ou subjetivo por parte do Legislativo sobre eventual \u201cabuso\u201d ou \u201cinadequa\u00e7\u00e3o\u201d do ato presidencial.<\/p>\n<p style=\"text-align: justify;\">Isso porque, embora o IOF seja, por excel\u00eancia, um tributo de natureza extrafiscal, voltado \u00e0 interven\u00e7\u00e3o no dom\u00ednio econ\u00f4mico e \u00e0 regula\u00e7\u00e3o do mercado financeiro, n\u00e3o se pode desconsiderar sua <b>inerente fun\u00e7\u00e3o arrecadat\u00f3ria<\/b>, <b>comum a todos os tributos<\/b>. Todo tributo, mesmo os que t\u00eam finalidade extrafiscal, carrega em si a aptid\u00e3o arrecadat\u00f3ria como elemento estrutural indispens\u00e1vel \u00e0 sua pr\u00f3pria exist\u00eancia. Nesse sentido, a arrecada\u00e7\u00e3o decorrente do IOF, ainda que n\u00e3o seja seu escopo principal, constitui uma realidade jur\u00eddica que o insere tamb\u00e9m no campo da fiscalidade.<\/p>\n<p style=\"text-align: justify;\">A Lei n\u00ba 8.894\/94, ao prever limites m\u00e1ximos de al\u00edquotas e delegar ao Poder Executivo a possibilidade de sua modula\u00e7\u00e3o, reafirma essa dupla fun\u00e7\u00e3o do imposto: de um lado, permite a atua\u00e7\u00e3o governamental r\u00e1pida e eficaz sobre o mercado; de outro, proporciona uma fonte regular de receitas ao er\u00e1rio. Assim, <b>a majora\u00e7\u00e3o do IOF n\u00e3o exige valora\u00e7\u00e3o pol\u00edtica ou ju\u00edzo subjetivo quanto \u00e0 sua \u201cnecessidade\u201d ou \u201cexcessividade\u201d,<\/b> desde que esteja em conformidade com os par\u00e2metros legais e constitucionais, sendo leg\u00edtima enquanto express\u00e3o da compet\u00eancia tribut\u00e1ria federal.<\/p>\n<p style=\"text-align: justify;\">Portanto, respeitados os limites legais, a altera\u00e7\u00e3o de al\u00edquotas por decreto constitui exerc\u00edcio leg\u00edtimo de compet\u00eancia atribu\u00edda constitucionalmente ao Chefe do Executivo, n\u00e3o cabendo ao Congresso Nacional substitu\u00ed-lo em seu ju\u00edzo de conveni\u00eancia.<\/p>\n<p style=\"text-align: justify;\">Em s\u00edntese, a altera\u00e7\u00e3o de al\u00edquotas do IOF por decreto presidencial, desde que observados os limites legais e constitucionais, configura <b>leg\u00edtimo exerc\u00edcio do poder regulamentar <\/b>com previs\u00e3o expressa na Carta Magna. Por conseguinte, a susta\u00e7\u00e3o de tal ato normativo pelo Congresso Nacional, com fundamento no artigo 49, V, da Constitui\u00e7\u00e3o, revela-se inconstitucional, por carecer de fundamento jur\u00eddico v\u00e1lido e por invadir compet\u00eancia exclusiva do Chefe do Executivo. Trata-se, portanto, de medida que afronta a separa\u00e7\u00e3o dos Poderes e compromete a estabilidade do sistema jur\u00eddico-tribut\u00e1rio nacional.<\/p>\n<p style=\"text-align: justify;\">\n<p style=\"text-align: justify;\"><b>Decis\u00e3o do STF nas a\u00e7\u00f5es sobre a majora\u00e7\u00e3o do IOF: a atua\u00e7\u00e3o jurisdicional e os limites constitucionais do poder executivo<\/b><\/p>\n<p style=\"text-align: justify;\">O Supremo Tribunal Federal, por decis\u00e3o monocr\u00e1tica do Ministro Alexandre de Moraes, proferida nos autos das A\u00e7\u00f5es Diretas de Inconstitucionalidade 7827 e 7839, e da A\u00e7\u00e3o Declarat\u00f3ria de Constitucionalidade 96, determinou, em sede liminar, a suspens\u00e3o dos efeitos de tr\u00eas decretos presidenciais que majoraram as al\u00edquotas do IOF, bem como do decreto legislativo que havia sustado referidos atos do Poder Executivo.<\/p>\n<p style=\"text-align: justify;\">Em exame de cogni\u00e7\u00e3o sum\u00e1ria, o relator fundamentou a medida cautelar sob a \u00f3tica da natureza jur\u00eddica do IOF, o qual possui car\u00e1ter preponderantemente extrafiscal, voltado \u00e0 regula\u00e7\u00e3o do mercado financeiro e \u00e0 implementa\u00e7\u00e3o da pol\u00edtica monet\u00e1ria nacional. O Ministro ressaltou que a utiliza\u00e7\u00e3o desse instrumento com finalidade exclusivamente arrecadat\u00f3ria pode configurar desvio de finalidade, hip\u00f3tese em que se admite o controle jurisdicional do ato normativo.<\/p>\n<p style=\"text-align: justify;\">A plausibilidade da alega\u00e7\u00e3o de que os decretos presidenciais resultariam em aumento superior a 60% da arrecada\u00e7\u00e3o do IOF levou \u00e0 conclus\u00e3o de que, em tese, poderia haver transbordamento da fun\u00e7\u00e3o extrafiscal, incidindo, por conseguinte, a cl\u00e1usula de reserva de legalidade tribut\u00e1ria. O ponto de equil\u00edbrio entre regula\u00e7\u00e3o econ\u00f4mica e arrecada\u00e7\u00e3o, portanto, demandar\u00e1 an\u00e1lise aprofundada no m\u00e9rito, justificando a suspens\u00e3o preventiva dos efeitos dos decretos.<\/p>\n<p style=\"text-align: justify;\">Em rela\u00e7\u00e3o ao decreto legislativo, o relator reiterou que o Congresso Nacional det\u00e9m compet\u00eancia para sustar atos normativos do Executivo que exorbitem do poder regulamentar (art. 49, V, da CF\/88). No entanto, salientou que essa prerrogativa \u00e9 excepcional e n\u00e3o se aplica a decretos aut\u00f4nomos, editados com base em compet\u00eancia pr\u00f3pria do Presidente da Rep\u00fablica, sem v\u00ednculo direto com norma infralegal regulamentada. Assim, identificou-se v\u00edcio de iniciativa na susta\u00e7\u00e3o legislativa, o que justificou igualmente sua suspens\u00e3o cautelar.<\/p>\n<p style=\"text-align: justify;\">Importa destacar que a atua\u00e7\u00e3o do STF no presente caso decorre do princ\u00edpio da in\u00e9rcia da jurisdi\u00e7\u00e3o, segundo o qual o Judici\u00e1rio somente se manifesta quando devidamente provocado. Al\u00e9m disso, o princ\u00edpio da inafastabilidade da jurisdi\u00e7\u00e3o (art. 5\u00ba, XXXV, da CF) impede a omiss\u00e3o judicial diante de les\u00e3o ou amea\u00e7a a direito, vedando a postura do \u201cnon liquet\u201d. Assim, o julgamento de conflitos interinstitucionais, como os ora enfrentados, constitui express\u00e3o leg\u00edtima do papel constitucional do Supremo Tribunal Federal, que n\u00e3o deve atuar como inst\u00e2ncia de media\u00e7\u00e3o pol\u00edtica, mas como guardi\u00e3o da Constitui\u00e7\u00e3o.<\/p>\n<p style=\"text-align: justify;\">A relev\u00e2ncia da mat\u00e9ria e o fato de que as a\u00e7\u00f5es foram propostas por entes de diferentes espectros pol\u00edticos, tanto pelo Poder Executivo quanto pelo Partido Liberal (PL), refor\u00e7am a imparcialidade e a necessidade da interven\u00e7\u00e3o jurisdicional.<\/p>\n","protected":false},"excerpt":{"rendered":"<p>An\u00e1lise da constitucionalidade do decreto presidencial de majora\u00e7\u00e3o do IOF e os limites da fiscaliza\u00e7\u00e3o legislativa<\/p>\n","protected":false},"author":1,"featured_media":1724,"comment_status":"open","ping_status":"open","sticky":false,"template":"","format":"standard","meta":{"footnotes":""},"categories":[4],"tags":[344,190,226,489,206],"class_list":["post-1723","post","type-post","status-publish","format-standard","has-post-thumbnail","hentry","category-artigos","tag-constituicao","tag-direito-tributario","tag-imposto","tag-iof","tag-poder-executivo"],"_links":{"self":[{"href":"https:\/\/gabaritojuridico.com.br\/index.php?rest_route=\/wp\/v2\/posts\/1723","targetHints":{"allow":["GET"]}}],"collection":[{"href":"https:\/\/gabaritojuridico.com.br\/index.php?rest_route=\/wp\/v2\/posts"}],"about":[{"href":"https:\/\/gabaritojuridico.com.br\/index.php?rest_route=\/wp\/v2\/types\/post"}],"author":[{"embeddable":true,"href":"https:\/\/gabaritojuridico.com.br\/index.php?rest_route=\/wp\/v2\/users\/1"}],"replies":[{"embeddable":true,"href":"https:\/\/gabaritojuridico.com.br\/index.php?rest_route=%2Fwp%2Fv2%2Fcomments&post=1723"}],"version-history":[{"count":1,"href":"https:\/\/gabaritojuridico.com.br\/index.php?rest_route=\/wp\/v2\/posts\/1723\/revisions"}],"predecessor-version":[{"id":1725,"href":"https:\/\/gabaritojuridico.com.br\/index.php?rest_route=\/wp\/v2\/posts\/1723\/revisions\/1725"}],"wp:featuredmedia":[{"embeddable":true,"href":"https:\/\/gabaritojuridico.com.br\/index.php?rest_route=\/wp\/v2\/media\/1724"}],"wp:attachment":[{"href":"https:\/\/gabaritojuridico.com.br\/index.php?rest_route=%2Fwp%2Fv2%2Fmedia&parent=1723"}],"wp:term":[{"taxonomy":"category","embeddable":true,"href":"https:\/\/gabaritojuridico.com.br\/index.php?rest_route=%2Fwp%2Fv2%2Fcategories&post=1723"},{"taxonomy":"post_tag","embeddable":true,"href":"https:\/\/gabaritojuridico.com.br\/index.php?rest_route=%2Fwp%2Fv2%2Ftags&post=1723"}],"curies":[{"name":"wp","href":"https:\/\/api.w.org\/{rel}","templated":true}]}}