{"id":1706,"date":"2025-06-30T09:24:15","date_gmt":"2025-06-30T12:24:15","guid":{"rendered":"https:\/\/gabaritojuridico.com.br\/?p=1706"},"modified":"2025-06-30T09:24:15","modified_gmt":"2025-06-30T12:24:15","slug":"a-responsabilizacao-civil-das-plataformas-digitais-por-conteudo-de-terceiros-um-novo-marco-hermeneutico-pos-decisao-do-stf","status":"publish","type":"post","link":"https:\/\/gabaritojuridico.com.br\/?p=1706","title":{"rendered":"A responsabiliza\u00e7\u00e3o civil das plataformas digitais por conte\u00fado de terceiros: um novo marco hermen\u00eautico p\u00f3s-decis\u00e3o do STF"},"content":{"rendered":"<p style=\"text-align: justify;\">A decis\u00e3o proferida pelo STF, no julgamento conjunto dos Recursos Extraordin\u00e1rios 1.037.396 (Tema 987) e 1.057.258 (Tema 533), marca um novo paradigma no regime jur\u00eddico aplic\u00e1vel \u00e0 responsabilidade civil das plataformas digitais no Brasil. O entendimento firmado, de ineg\u00e1vel repercuss\u00e3o no ordenamento jur\u00eddico e nas rela\u00e7\u00f5es digitais, reconhece a inconstitucionalidade parcial e progressiva do <b>art. 19 da Lei n.\u00ba 12.965\/2014<\/b>, o Marco Civil da Internet (MCI), redefinindo os par\u00e2metros de responsabiliza\u00e7\u00e3o dos provedores de aplica\u00e7\u00f5es por conte\u00fados il\u00edcitos gerados por terceiros.<\/p>\n<p style=\"text-align: justify;\">A reda\u00e7\u00e3o original do art. 19 do MCI <b>condicionava a responsabilidade civil das plataformas \u00e0 exist\u00eancia de ordem judicial espec\u00edfica que determinasse a remo\u00e7\u00e3o do conte\u00fado ofensivo<\/b>. Esse regime tinha como prop\u00f3sito assegurar a <b><i>liberdade de express\u00e3o<\/i><\/b> e proteger os provedores de eventual censura pr\u00e9via, mediante a ado\u00e7\u00e3o do modelo de <i>notice and takedown<\/i> judicializado.<\/p>\n<p style=\"text-align: justify;\">Ocorre que, conforme entendimento da maioria da Corte Constitucional, essa sistem\u00e1tica mostrou-se deficiente na prote\u00e7\u00e3o de bens jur\u00eddicos constitucionalmente relevantes, tais como os direitos fundamentais \u00e0 honra, \u00e0 imagem, \u00e0 dignidade da pessoa humana, \u00e0 prote\u00e7\u00e3o da inf\u00e2ncia e \u00e0 pr\u00f3pria ordem democr\u00e1tica. Assim, o STF reconheceu o \u201cestado de omiss\u00e3o parcial\u201d legislativa, atribuindo ao art. 19 do MCI a condi\u00e7\u00e3o de <b>norma de efic\u00e1cia limitada<\/b>, pass\u00edvel de <b>interpreta\u00e7\u00e3o conforme \u00e0 Constitui\u00e7\u00e3o<\/b>, at\u00e9 que o Congresso Nacional discipline adequadamente a mat\u00e9ria.<\/p>\n<p style=\"text-align: justify;\">A tese firmada institui, doravante, hip\u00f3teses em que <b>a responsabilidade civil dos provedores prescinde de ordem judicial<\/b>, bastando a notifica\u00e7\u00e3o extrajudicial da parte interessada para ensejar o dever de remo\u00e7\u00e3o do conte\u00fado, especialmente nos casos envolvendo pr\u00e1ticas de crimes graves e sistematicamente disseminados. Estabeleceu-se, ademais, presun\u00e7\u00e3o de responsabilidade para conte\u00fados impulsionados mediante an\u00fancios pagos ou distribu\u00eddos por redes artificiais de automa\u00e7\u00e3o, como <i>bots<\/i> e algoritmos.<\/p>\n<p style=\"text-align: justify;\">A decis\u00e3o estabeleceu que os provedores de aplica\u00e7\u00f5es de internet devem agir com dilig\u00eancia para remover, imediatamente, conte\u00fados que envolvam <b><i>crimes graves<\/i><\/b>, sempre que houver circula\u00e7\u00e3o em massa dessas publica\u00e7\u00f5es. A responsabilidade civil das plataformas surge quando h\u00e1 falha sist\u00eamica, ou seja, quando deixam de implementar medidas eficazes de preven\u00e7\u00e3o e retirada desses conte\u00fados.<\/p>\n<p style=\"text-align: justify;\">O STF definiu um <b>rol taxativo<\/b> de crimes que exigem essa atua\u00e7\u00e3o imediata, entre eles:<\/p>\n<ul style=\"text-align: justify;\">\n<li aria-level=\"1\">Atos antidemocr\u00e1ticos (como incita\u00e7\u00e3o \u00e0 viol\u00eancia contra as institui\u00e7\u00f5es);<\/li>\n<li aria-level=\"1\">Terrorismo;<\/li>\n<li aria-level=\"1\">Indu\u00e7\u00e3o ou aux\u00edlio ao suic\u00eddio e \u00e0 automutila\u00e7\u00e3o;<\/li>\n<li aria-level=\"1\">Discrimina\u00e7\u00e3o por motivos de ra\u00e7a, cor, etnia, religi\u00e3o, origem, orienta\u00e7\u00e3o sexual ou identidade de g\u00eanero;<\/li>\n<li aria-level=\"1\">Crimes de \u00f3dio contra mulheres;<\/li>\n<li aria-level=\"1\">Crimes sexuais contra vulner\u00e1veis, pornografia infantil e crimes contra crian\u00e7as e adolescentes;<\/li>\n<li aria-level=\"1\">Tr\u00e1fico de pessoas.<\/li>\n<\/ul>\n<p style=\"text-align: justify;\">As plataformas devem adotar mecanismos de modera\u00e7\u00e3o baseados nas melhores tecnologias dispon\u00edveis, garantindo altos padr\u00f5es de seguran\u00e7a. Se o conte\u00fado il\u00edcito for publicado isoladamente (sem ampla dissemina\u00e7\u00e3o), aplica-se o regime do art. 21 do Marco Civil da Internet, que exige notifica\u00e7\u00e3o para responsabiliza\u00e7\u00e3o.<\/p>\n<p style=\"text-align: justify;\">Ressalte-se que o autor da postagem removida pode pedir \u00e0 Justi\u00e7a que o conte\u00fado seja restaurado, desde que prove que n\u00e3o houve ilicitude. Mesmo que a Justi\u00e7a mande restaurar o conte\u00fado, isso n\u00e3o gera direito \u00e0 indeniza\u00e7\u00e3o contra a plataforma.<\/p>\n<p style=\"text-align: justify;\">Por sua vez, a Corte atribuiu <i>natureza colaborativa<\/i> \u00e0 atua\u00e7\u00e3o das plataformas, impondo-lhes deveres positivos de preven\u00e7\u00e3o e combate \u00e0 dissemina\u00e7\u00e3o de conte\u00fados il\u00edcitos, configurando-se a responsabiliza\u00e7\u00e3o n\u00e3o apenas pela in\u00e9rcia ap\u00f3s a notifica\u00e7\u00e3o, mas tamb\u00e9m por <b>falhas sist\u00eamicas<\/b> na estrutura de modera\u00e7\u00e3o e controle de conte\u00fados.<\/p>\n<p style=\"text-align: justify;\">Nesse contexto, o art. 21 do MCI passa a desempenhar papel <i>subsidi\u00e1rio<\/i>, aplicando-se \u00e0 responsabilidade por conte\u00fados espec\u00edficos em casos isolados, mas insuficiente para abarcar a complexidade das viola\u00e7\u00f5es em massa, cujo enfrentamento exige dilig\u00eancia e mecanismos automatizados compat\u00edveis com o estado da t\u00e9cnica.<\/p>\n<p style=\"text-align: justify;\">A decis\u00e3o guarda conformidade com a doutrina constitucional do <i>m\u00ednimo existencial digital<\/i> e da <b><i>responsabilidade compartilhada<\/i><\/b> dos atores envolvidos na comunica\u00e7\u00e3o mediada por plataformas tecnol\u00f3gicas. A doutrina majorit\u00e1ria j\u00e1 reconhecia a insufici\u00eancia do modelo de responsabilidade civil passiva em face das novas din\u00e2micas da desinforma\u00e7\u00e3o algor\u00edtmica.<\/p>\n<p style=\"text-align: justify;\">No plano jurisprudencial, observa-se que o <b>STJ<\/b> j\u00e1 vinha, em decis\u00f5es pontuais, relativizando a exig\u00eancia de ordem judicial para remo\u00e7\u00e3o de conte\u00fado evidentemente il\u00edcito, especialmente nos cas<b>os de pornografia de vingan\u00e7a e viola\u00e7\u00e3o de direitos de crian\u00e7as e adolescentes <\/b>(cf. REsp 1.660.168\/RJ, Rel. Min. Nancy Andrighi).<\/p>\n<p style=\"text-align: justify;\">A decis\u00e3o do STF inaugura um regime de responsabiliza\u00e7\u00e3o civil mais proativo e compat\u00edvel com os valores constitucionais, conferindo maior prote\u00e7\u00e3o \u00e0 esfera jur\u00eddica dos indiv\u00edduos e \u00e0 integridade do espa\u00e7o democr\u00e1tico. A <b>modula\u00e7\u00e3o dos efeitos<\/b> prospectivos preserva a seguran\u00e7a jur\u00eddica, evitando responsabiliza\u00e7\u00f5es retroativas e assegurando prazo razo\u00e1vel para adapta\u00e7\u00e3o dos provedores.<\/p>\n<p style=\"text-align: justify;\">De acordo com o Supremo, a interpreta\u00e7\u00e3o conforme atribu\u00edda ao art. 19 do MCI, at\u00e9 que sobrevenha legisla\u00e7\u00e3o espec\u00edfica, reflete o necess\u00e1rio equil\u00edbrio entre liberdade de express\u00e3o e responsabilidade civil, concretizando os direitos fundamentais na era digital. Trata-se de uma evolu\u00e7\u00e3o normativa e hermen\u00eautica alinhada aos compromissos internacionais assumidos pelo Brasil no \u00e2mbito da prote\u00e7\u00e3o de dados e dos direitos humanos digitais.<\/p>\n","protected":false},"excerpt":{"rendered":"<p>An\u00e1lise da inconstitucionalidade parcial do art. 19 do Marco Civil da Internet e seus efeitos na prote\u00e7\u00e3o de direitos fundamentais no ambiente digital<\/p>\n","protected":false},"author":1,"featured_media":1707,"comment_status":"open","ping_status":"open","sticky":false,"template":"","format":"standard","meta":{"footnotes":""},"categories":[4],"tags":[265,483,84,35],"class_list":["post-1706","post","type-post","status-publish","format-standard","has-post-thumbnail","hentry","category-artigos","tag-marco-civil-da-internet","tag-plataformas-digitais","tag-responsabilidade-civil","tag-stf"],"_links":{"self":[{"href":"https:\/\/gabaritojuridico.com.br\/index.php?rest_route=\/wp\/v2\/posts\/1706","targetHints":{"allow":["GET"]}}],"collection":[{"href":"https:\/\/gabaritojuridico.com.br\/index.php?rest_route=\/wp\/v2\/posts"}],"about":[{"href":"https:\/\/gabaritojuridico.com.br\/index.php?rest_route=\/wp\/v2\/types\/post"}],"author":[{"embeddable":true,"href":"https:\/\/gabaritojuridico.com.br\/index.php?rest_route=\/wp\/v2\/users\/1"}],"replies":[{"embeddable":true,"href":"https:\/\/gabaritojuridico.com.br\/index.php?rest_route=%2Fwp%2Fv2%2Fcomments&post=1706"}],"version-history":[{"count":1,"href":"https:\/\/gabaritojuridico.com.br\/index.php?rest_route=\/wp\/v2\/posts\/1706\/revisions"}],"predecessor-version":[{"id":1708,"href":"https:\/\/gabaritojuridico.com.br\/index.php?rest_route=\/wp\/v2\/posts\/1706\/revisions\/1708"}],"wp:featuredmedia":[{"embeddable":true,"href":"https:\/\/gabaritojuridico.com.br\/index.php?rest_route=\/wp\/v2\/media\/1707"}],"wp:attachment":[{"href":"https:\/\/gabaritojuridico.com.br\/index.php?rest_route=%2Fwp%2Fv2%2Fmedia&parent=1706"}],"wp:term":[{"taxonomy":"category","embeddable":true,"href":"https:\/\/gabaritojuridico.com.br\/index.php?rest_route=%2Fwp%2Fv2%2Fcategories&post=1706"},{"taxonomy":"post_tag","embeddable":true,"href":"https:\/\/gabaritojuridico.com.br\/index.php?rest_route=%2Fwp%2Fv2%2Ftags&post=1706"}],"curies":[{"name":"wp","href":"https:\/\/api.w.org\/{rel}","templated":true}]}}