{"id":1644,"date":"2025-06-09T08:49:42","date_gmt":"2025-06-09T11:49:42","guid":{"rendered":"https:\/\/gabaritojuridico.com.br\/?p=1644"},"modified":"2025-06-09T08:49:42","modified_gmt":"2025-06-09T11:49:42","slug":"a-desconsideracao-da-personalidade-juridica-limites-a-autonomia-patrimonial-e-mecanismos-de-responsabilizacao-no-direito-brasileiro","status":"publish","type":"post","link":"https:\/\/gabaritojuridico.com.br\/?p=1644","title":{"rendered":"A desconsidera\u00e7\u00e3o da personalidade jur\u00eddica: limites \u00e0 autonomia patrimonial e mecanismos de responsabiliza\u00e7\u00e3o no direito brasileiro"},"content":{"rendered":"<p style=\"text-align: justify;\">A personalidade jur\u00eddica constitui um dos pilares do Direito Privado moderno, assegurando a autonomia patrimonial das pessoas jur\u00eddicas em rela\u00e7\u00e3o aos seus s\u00f3cios ou instituidores. Essa autonomia, fundamental para o desenvolvimento da atividade econ\u00f4mica, confere <i>seguran\u00e7a jur\u00eddica<\/i> e incentiva a livre iniciativa, especialmente nas rela\u00e7\u00f5es empresariais.<\/p>\n<p style=\"text-align: justify;\">Contudo, essa separa\u00e7\u00e3o patrimonial, se utilizada de forma <b>abusiva<\/b> ou <b>fraudulenta<\/b>, pode ser afastada por meio da <b><i>teoria da desconsidera\u00e7\u00e3o da personalidade jur\u00eddica<\/i><\/b>, instrumento que visa coibir desvios e assegurar a efetividade do ordenamento jur\u00eddico.<\/p>\n<p style=\"text-align: justify;\">Nos termos do Direito Civil, a <b>regra geral<\/b> \u00e9 a <i>plena autonomia<\/i> entre o patrim\u00f4nio da pessoa jur\u00eddica e o de seus s\u00f3cios ou administradores. Essa distin\u00e7\u00e3o permite que a sociedade empres\u00e1ria <b>responda exclusivamente com seus bens<\/b> pelas d\u00edvidas contra\u00eddas, protegendo o patrim\u00f4nio pessoal dos seus integrantes. Trata-se de um princ\u00edpio que confere estabilidade \u00e0s rela\u00e7\u00f5es jur\u00eddicas e fomenta o empreendedorismo, conforme observado no art. 985 e seguintes do C\u00f3digo Civil.<\/p>\n<p style=\"text-align: justify;\">A <b>teoria da desconsidera\u00e7\u00e3o da personalidade jur\u00eddica<\/b> surge como resposta a pr\u00e1ticas abusivas que se valem da autonomia patrimonial para fraudar credores ou burlar a lei. Seu fundamento repousa na veda\u00e7\u00e3o ao abuso de direito (art. 187 do CC) e na fun\u00e7\u00e3o social da empresa. Nesses casos, o Poder Judici\u00e1rio pode autorizar, de forma excepcional, que os bens pessoais dos s\u00f3cios ou administradores sejam atingidos, desconsiderando-se temporariamente a autonomia da pessoa jur\u00eddica.<\/p>\n<p style=\"text-align: justify;\">A principal norma que disciplina a desconsidera\u00e7\u00e3o no direito comum \u00e9 o <b>art. 50 do C\u00f3digo Civil<\/b>, cuja reda\u00e7\u00e3o foi atualizada pela Lei da Liberdade Econ\u00f4mica (Lei n\u00ba 13.874\/2019):<\/p>\n<p style=\"text-align: justify;\"><i>Art. 50. \u00a0Em caso de abuso da personalidade jur\u00eddica, caracterizado pelo desvio de finalidade ou pela confus\u00e3o patrimonial, pode o juiz, a requerimento da parte, ou do Minist\u00e9rio P\u00fablico quando lhe couber intervir no processo, desconsider\u00e1-la para que os efeitos de certas e determinadas rela\u00e7\u00f5es de obriga\u00e7\u00f5es sejam estendidos aos bens particulares de administradores ou de s\u00f3cios da pessoa jur\u00eddica beneficiados direta ou indiretamente pelo abuso.<\/i><\/p>\n<p style=\"text-align: justify;\">A norma consagra a <b>teoria maior da desconsidera\u00e7\u00e3o<\/b>, exigindo a demonstra\u00e7\u00e3o de dois requisitos cumulativos:<\/p>\n<ol style=\"text-align: justify;\">\n<li aria-level=\"1\">Abuso da personalidade jur\u00eddica, caracterizado por:\n<ul>\n<li aria-level=\"2\"><b>Desvio de finalidade<\/b>, entendido como utiliza\u00e7\u00e3o da pessoa jur\u00eddica para fins alheios aos seus objetivos sociais;<\/li>\n<li aria-level=\"2\"><b>Confus\u00e3o patrimonial<\/b>, que se verifica pela aus\u00eancia de separa\u00e7\u00e3o entre os bens da pessoa jur\u00eddica e os de seus s\u00f3cios.<\/li>\n<\/ul>\n<\/li>\n<li aria-level=\"1\">Benef\u00edcio direto ou indireto do s\u00f3cio ou administrador com o abuso praticado.<\/li>\n<\/ol>\n<p style=\"text-align: justify;\">Em contraponto \u00e0 teoria maior, o <b>C\u00f3digo de Defesa do Consumidor<\/b> (art. 28, \u00a7 5\u00ba) e a Lei n\u00ba 9.605\/1998 (<b>Lei de Crimes Ambientais<\/b>) adotam a <b>teoria menor da desconsidera\u00e7\u00e3o<\/b>, que prescinde da prova de fraude ou confus\u00e3o patrimonial.<\/p>\n<p style=\"text-align: justify;\">Nessas hip\u00f3teses, basta que a personalidade jur\u00eddica seja <b>obst\u00e1culo ao ressarcimento de preju\u00edzos<\/b> causados ao consumidor ou ao meio ambiente, ou ainda que reste comprovada a <b>insolv\u00eancia da pessoa jur\u00eddica<\/b>.<\/p>\n<p style=\"text-align: justify;\">No que tange \u00e0 responsabiliza\u00e7\u00e3o dos integrantes da pessoa jur\u00eddica, observa-se relevante distin\u00e7\u00e3o entre as teorias maior e menor. A jurisprud\u00eancia do STJ tem afirmado que, na teoria menor, <b>n\u00e3o se admite a responsabiliza\u00e7\u00e3o pessoal do s\u00f3cio que n\u00e3o desempenha atos de gest\u00e3o<\/b>, salvo se demonstrado que ele <b>contribuiu, ainda que de forma culposa<\/b>, para a pr\u00e1tica de atos de administra\u00e7\u00e3o que ensejaram o preju\u00edzo:<\/p>\n<blockquote>\n<p style=\"text-align: justify;\"><i>(&#8230;) 1. Para fins de aplica\u00e7\u00e3o da Teoria Menor da desconsidera\u00e7\u00e3o da personalidade jur\u00eddica (art. 28, \u00a7 5\u00ba, do CDC), basta que o consumidor demonstre o estado de insolv\u00eancia do fornecedor e o fato de a personalidade jur\u00eddica representar um obst\u00e1culo ao ressarcimento dos preju\u00edzos causados. 2. A despeito de n\u00e3o se exigir prova de abuso ou fraude para fins de aplica\u00e7\u00e3o da Teoria Menor da desconsidera\u00e7\u00e3o da personalidade jur\u00eddica, tampouco de confus\u00e3o patrimonial, o \u00a7 5\u00ba do art. 28 do CDC n\u00e3o d\u00e1 margem para admitir a responsabiliza\u00e7\u00e3o pessoal de quem, embora ostentando a condi\u00e7\u00e3o de s\u00f3cio, n\u00e3o desempenha atos de gest\u00e3o, ressalvada a prova de que contribuiu, ao menos culposamente, para a pr\u00e1tica de atos de administra\u00e7\u00e3o. (&#8230;) (STJ &#8211; REsp: 1900843 DF 2019\/0321112-7, Relator.: PAULO DE TARSO SANSEVERINO, Data de Julgamento: 23\/05\/2023, T3 &#8211; TERCEIRA TURMA, Data de Publica\u00e7\u00e3o: DJe 30\/05\/2023)<\/i><\/p>\n<\/blockquote>\n<p style=\"text-align: justify;\">Portanto, nos termos da <b>teoria menor da desconsidera\u00e7\u00e3o da personalidade jur\u00eddica<\/b>, adotada pelo CDC, a supera\u00e7\u00e3o da autonomia patrimonial n\u00e3o exige a demonstra\u00e7\u00e3o de desvio de finalidade ou confus\u00e3o patrimonial. De acordo com o <b>art. 28 do CDC<\/b>, a desconsidera\u00e7\u00e3o pode ser aplicada nas hip\u00f3teses em que houver a <b>comprova\u00e7\u00e3o da insolv\u00eancia da pessoa jur\u00eddica<\/b>, associada \u00e0 <b>m\u00e1 administra\u00e7\u00e3o da empresa<\/b> (<i>caput<\/i>), ou, ainda, quando a personalidade jur\u00eddica representar, por si s\u00f3, um <b>obst\u00e1culo ao ressarcimento dos preju\u00edzos<\/b> causados aos consumidores (<b>\u00a7 5\u00ba<\/b>). Trata-se de um crit\u00e9rio objetivo, orientado pela finalidade protetiva do microssistema consumerista, visando garantir a efetividade da tutela dos direitos dos consumidores.<\/p>\n<p style=\"text-align: justify;\">Assim, a desconsidera\u00e7\u00e3o da personalidade jur\u00eddica constitui importante mecanismo de prote\u00e7\u00e3o contra fraudes e abusos no \u00e2mbito das rela\u00e7\u00f5es civis, consumeristas e ambientais. Todavia, por se tratar de medida excepcional que limita o princ\u00edpio da autonomia patrimonial, sua aplica\u00e7\u00e3o deve observar crit\u00e9rios legais rigorosos, especialmente nas hip\u00f3teses regidas pelo C\u00f3digo Civil. J\u00e1 nas rela\u00e7\u00f5es consumeristas e ambientais, a aplica\u00e7\u00e3o da teoria menor busca garantir efetividade aos direitos fundamentais, notadamente ao ressarcimento de danos por parte dos hipossuficientes.<\/p>\n","protected":false},"excerpt":{"rendered":"<p>A personalidade jur\u00eddica constitui um dos pilares do Direito Privado moderno, assegurando a autonomia patrimonial das pessoas jur\u00eddicas em rela\u00e7\u00e3o aos seus s\u00f3cios ou instituidores. Essa autonomia, fundamental para o desenvolvimento da atividade econ\u00f4mica, confere seguran\u00e7a jur\u00eddica e incentiva a livre iniciativa, especialmente nas rela\u00e7\u00f5es empresariais. Contudo, essa separa\u00e7\u00e3o patrimonial, se utilizada de forma abusiva [&hellip;]<\/p>\n","protected":false},"author":1,"featured_media":1645,"comment_status":"open","ping_status":"open","sticky":false,"template":"","format":"standard","meta":{"footnotes":""},"categories":[4],"tags":[462,292,26,463,77],"class_list":["post-1644","post","type-post","status-publish","format-standard","has-post-thumbnail","hentry","category-artigos","tag-autonomia-patrimonial","tag-codigo-civil","tag-direito-civil","tag-direito-privado","tag-personalidade-juridica"],"_links":{"self":[{"href":"https:\/\/gabaritojuridico.com.br\/index.php?rest_route=\/wp\/v2\/posts\/1644","targetHints":{"allow":["GET"]}}],"collection":[{"href":"https:\/\/gabaritojuridico.com.br\/index.php?rest_route=\/wp\/v2\/posts"}],"about":[{"href":"https:\/\/gabaritojuridico.com.br\/index.php?rest_route=\/wp\/v2\/types\/post"}],"author":[{"embeddable":true,"href":"https:\/\/gabaritojuridico.com.br\/index.php?rest_route=\/wp\/v2\/users\/1"}],"replies":[{"embeddable":true,"href":"https:\/\/gabaritojuridico.com.br\/index.php?rest_route=%2Fwp%2Fv2%2Fcomments&post=1644"}],"version-history":[{"count":1,"href":"https:\/\/gabaritojuridico.com.br\/index.php?rest_route=\/wp\/v2\/posts\/1644\/revisions"}],"predecessor-version":[{"id":1646,"href":"https:\/\/gabaritojuridico.com.br\/index.php?rest_route=\/wp\/v2\/posts\/1644\/revisions\/1646"}],"wp:featuredmedia":[{"embeddable":true,"href":"https:\/\/gabaritojuridico.com.br\/index.php?rest_route=\/wp\/v2\/media\/1645"}],"wp:attachment":[{"href":"https:\/\/gabaritojuridico.com.br\/index.php?rest_route=%2Fwp%2Fv2%2Fmedia&parent=1644"}],"wp:term":[{"taxonomy":"category","embeddable":true,"href":"https:\/\/gabaritojuridico.com.br\/index.php?rest_route=%2Fwp%2Fv2%2Fcategories&post=1644"},{"taxonomy":"post_tag","embeddable":true,"href":"https:\/\/gabaritojuridico.com.br\/index.php?rest_route=%2Fwp%2Fv2%2Ftags&post=1644"}],"curies":[{"name":"wp","href":"https:\/\/api.w.org\/{rel}","templated":true}]}}