{"id":1601,"date":"2025-05-20T10:08:27","date_gmt":"2025-05-20T13:08:27","guid":{"rendered":"https:\/\/gabaritojuridico.com.br\/?p=1601"},"modified":"2025-05-20T10:08:27","modified_gmt":"2025-05-20T13:08:27","slug":"a-isencao-do-imposto-de-renda-para-portadores-de-hiv-um-direito-tambem-aos-assintomaticos","status":"publish","type":"post","link":"https:\/\/gabaritojuridico.com.br\/?p=1601","title":{"rendered":"A isen\u00e7\u00e3o do imposto de renda para portadores de HIV: um direito tamb\u00e9m aos assintom\u00e1ticos"},"content":{"rendered":"<p style=\"text-align: justify;\">O ordenamento jur\u00eddico brasileiro, por meio do art. 6\u00ba, incisos XIV e XXI, da Lei n\u00ba 7.713\/88, estabelece <b>isen\u00e7\u00e3o do imposto de renda<\/b> sobre proventos de aposentadoria, reforma ou pens\u00e3o percebidos por <b>pessoas f\u00edsicas acometidas por doen\u00e7as <\/b><b><i>taxativamente<\/i><\/b><b> elencadas<\/b>, entre as quais se insere a S\u00edndrome da Imunodefici\u00eancia Adquirida (<b>AIDS\/SIDA<\/b>). Tal isen\u00e7\u00e3o <b>independe de a doen\u00e7a ter sido contra\u00edda antes ou ap\u00f3s a concess\u00e3o da aposentadoria ou pens\u00e3o<\/b>.<\/p>\n<p style=\"text-align: justify;\">A discuss\u00e3o jur\u00eddica mais recente refere-se \u00e0 <b>extens\u00e3o dessa isen\u00e7\u00e3o aos portadores <\/b><b><i>assintom\u00e1ticos<\/i><\/b><b> do HIV,<\/b> ou seja, aqueles que, embora diagnosticados como soropositivos, ainda n\u00e3o desenvolveram manifesta\u00e7\u00f5es cl\u00ednicas da s\u00edndrome.<\/p>\n<p style=\"text-align: justify;\">A Procuradoria-Geral da Fazenda Nacional (PGFN), por meio do Parecer SEI n\u00ba 405\/2024\/MF, firmou posicionamento pela <b>possibilidade da isen\u00e7\u00e3o tamb\u00e9m para esses contribuintes<\/b>, em conson\u00e2ncia com a interpreta\u00e7\u00e3o literal exigida pelo art. 111 do C\u00f3digo Tribut\u00e1rio Nacional. Conforme destacado, a legisla\u00e7\u00e3o tribut\u00e1ria que trata de isen\u00e7\u00f5es deve ser interpretada <i>restritivamente<\/i>, mas tal restri\u00e7\u00e3o refere-se \u00e0 <b>veda\u00e7\u00e3o de se ampliar a norma para hip\u00f3teses n\u00e3o previstas em lei<\/b>, n\u00e3o para criar limita\u00e7\u00f5es inexistentes, como seria o caso de condicionar o benef\u00edcio \u00e0 manifesta\u00e7\u00e3o de sintomas da doen\u00e7a.<\/p>\n<p style=\"text-align: justify;\">A jurisprud\u00eancia da Turma Nacional de Uniformiza\u00e7\u00e3o, ao fixar a tese do <b>Tema 321<\/b>, firmou o entendimento de que <b>a isen\u00e7\u00e3o do IRPF abrange tamb\u00e9m os portadores do HIV assintom\u00e1ticos<\/b>, por ser inexig\u00edvel a contemporaneidade dos sintomas da doen\u00e7a ou sua recidiva. Tal posicionamento est\u00e1 em harmonia com precedentes do Supremo Tribunal Federal (ADI 6.025) e do Superior Tribunal de Justi\u00e7a (Tema 250), que reconhecem a constitucionalidade do rol taxativo da lei e a necessidade de observ\u00e2ncia dos crit\u00e9rios legais sem amplia\u00e7\u00e3o judicial indevida.<\/p>\n<p style=\"text-align: justify;\">Al\u00e9m disso, o requisito legal de comprova\u00e7\u00e3o da doen\u00e7a mediante laudo pericial oficial (art. 30 da Lei n\u00ba 9.250\/1995) <b>n\u00e3o vincula o Poder Judici\u00e1rio \u00e0 exig\u00eancia de sintomas cl\u00ednicos<\/b>, bastando o diagn\u00f3stico confirmado por autoridade m\u00e9dica competente.<\/p>\n<p style=\"text-align: justify;\">Diante de tais fundamentos, conclui-se que:<\/p>\n<ol style=\"text-align: justify;\">\n<li aria-level=\"1\">A legisla\u00e7\u00e3o isentiva do IRPF n\u00e3o exige, para os portadores de HIV, a manifesta\u00e7\u00e3o de sintomas da doen\u00e7a como condi\u00e7\u00e3o para frui\u00e7\u00e3o da isen\u00e7\u00e3o;<\/li>\n<li aria-level=\"1\">A interpreta\u00e7\u00e3o deve respeitar os limites impostos pelo art. 111 do CTN, sem permitir restri\u00e7\u00f5es n\u00e3o previstas em lei;<\/li>\n<li aria-level=\"1\">A jurisprud\u00eancia da TNU consolidou o entendimento pela isen\u00e7\u00e3o tamb\u00e9m para os portadores assintom\u00e1ticos do HIV;<\/li>\n<li aria-level=\"1\">A uniformiza\u00e7\u00e3o desse entendimento deve ser estendida a todas as inst\u00e2ncias do Judici\u00e1rio, n\u00e3o se restringindo aos Juizados Especiais Federais, em respeito ao princ\u00edpio da isonomia e \u00e0 seguran\u00e7a jur\u00eddica.<\/li>\n<\/ol>\n<p style=\"text-align: justify;\">Trata-se, portanto, de garantir a observ\u00e2ncia da <b><i>legalidade tribut\u00e1ria<\/i><\/b>, da <b><i>dignidade da pessoa humana<\/i><\/b> e da uniformidade na aplica\u00e7\u00e3o do direito em benef\u00edcio dos contribuintes acometidos por mol\u00e9stia grave reconhecida em lei.<\/p>\n","protected":false},"excerpt":{"rendered":"<p>An\u00e1lise da interpreta\u00e7\u00e3o normativa e jurisprudencial da isen\u00e7\u00e3o prevista nos incisos XIV e XXI do art. 6\u00ba da Lei n\u00ba 7.713\/1988, \u00e0 luz do art. 111 do CTN e da jurisprud\u00eancia da TNU.<\/p>\n","protected":false},"author":1,"featured_media":1602,"comment_status":"open","ping_status":"open","sticky":false,"template":"","format":"standard","meta":{"footnotes":""},"categories":[143],"tags":[218,226,189,449,448],"class_list":["post-1601","post","type-post","status-publish","format-standard","has-post-thumbnail","hentry","category-pilulas-juridicas","tag-hiv","tag-imposto","tag-imposto-de-renda","tag-irpf","tag-isencao-fiscal"],"_links":{"self":[{"href":"https:\/\/gabaritojuridico.com.br\/index.php?rest_route=\/wp\/v2\/posts\/1601","targetHints":{"allow":["GET"]}}],"collection":[{"href":"https:\/\/gabaritojuridico.com.br\/index.php?rest_route=\/wp\/v2\/posts"}],"about":[{"href":"https:\/\/gabaritojuridico.com.br\/index.php?rest_route=\/wp\/v2\/types\/post"}],"author":[{"embeddable":true,"href":"https:\/\/gabaritojuridico.com.br\/index.php?rest_route=\/wp\/v2\/users\/1"}],"replies":[{"embeddable":true,"href":"https:\/\/gabaritojuridico.com.br\/index.php?rest_route=%2Fwp%2Fv2%2Fcomments&post=1601"}],"version-history":[{"count":2,"href":"https:\/\/gabaritojuridico.com.br\/index.php?rest_route=\/wp\/v2\/posts\/1601\/revisions"}],"predecessor-version":[{"id":1604,"href":"https:\/\/gabaritojuridico.com.br\/index.php?rest_route=\/wp\/v2\/posts\/1601\/revisions\/1604"}],"wp:featuredmedia":[{"embeddable":true,"href":"https:\/\/gabaritojuridico.com.br\/index.php?rest_route=\/wp\/v2\/media\/1602"}],"wp:attachment":[{"href":"https:\/\/gabaritojuridico.com.br\/index.php?rest_route=%2Fwp%2Fv2%2Fmedia&parent=1601"}],"wp:term":[{"taxonomy":"category","embeddable":true,"href":"https:\/\/gabaritojuridico.com.br\/index.php?rest_route=%2Fwp%2Fv2%2Fcategories&post=1601"},{"taxonomy":"post_tag","embeddable":true,"href":"https:\/\/gabaritojuridico.com.br\/index.php?rest_route=%2Fwp%2Fv2%2Ftags&post=1601"}],"curies":[{"name":"wp","href":"https:\/\/api.w.org\/{rel}","templated":true}]}}