{"id":1569,"date":"2025-05-09T10:43:12","date_gmt":"2025-05-09T13:43:12","guid":{"rendered":"https:\/\/gabaritojuridico.com.br\/?p=1569"},"modified":"2025-08-20T08:46:32","modified_gmt":"2025-08-20T11:46:32","slug":"1569","status":"publish","type":"post","link":"https:\/\/gabaritojuridico.com.br\/?p=1569","title":{"rendered":"No\u00e7\u00f5es de Direito Constitucional"},"content":{"rendered":"<p>O edital do concurso de Agente Administrativo da Pol\u00edcia Federal cobra no\u00e7\u00f5es de Direito Constitucional, tanto para os cargos de n\u00edvel m\u00e9dio quanto de n\u00edvel superior.<\/p>\n<p>Esse PDF de 50 p\u00e1ginas foi feito com base no edital e resume todos os temas da mat\u00e9ria.<\/p>\n<div class='w3eden'><!-- WPDM Link Template: Default Template -->\n\n<div class=\"link-template-default card mb-2\">\n    <div class=\"card-body\">\n        <div class=\"media\">\n            <div class=\"mr-3 img-48\"><img decoding=\"async\" class=\"wpdm_icon\" alt=\"Icon\" src=\"https:\/\/gabaritojuridico.com.br\/wp-content\/plugins\/download-manager\/assets\/file-type-icons\/pdf.svg\" \/><\/div>\n            <div class=\"media-body\">\n                <h3 class=\"package-title\"><a href='https:\/\/gabaritojuridico.com.br\/?wpdmpro=gabarito-juridico-resumo-nocoes-de-direito-constitucional'>Gabarito Jur\u00eddico - Resumo No\u00e7\u00f5es de direito Constitucional<\/a><\/h3>\n                <div class=\"text-muted text-small\"><i class=\"fas fa-copy\"><\/i> 1 file(s) <i class=\"fas fa-hdd ml-3\"><\/i> 904.54 KB<\/div>\n            <\/div>\n            <div class=\"ml-3\">\n                <a class='wpdm-download-link download-on-click btn btn-primary ' rel='nofollow' href='#' data-downloadurl=\"https:\/\/gabaritojuridico.com.br\/?wpdmpro=gabarito-juridico-resumo-nocoes-de-direito-constitucional&wpdmdl=1571&refresh=69f2f77f266021777530751\">Download<\/a>\n            <\/div>\n        <\/div>\n    <\/div>\n<\/div>\n\n<\/div>\n","protected":false},"excerpt":{"rendered":"<p>De acordo com o edital de Agente Administrativo da Pol\u00edcia Federal<\/p>\n","protected":false},"author":1,"featured_media":1574,"comment_status":"open","ping_status":"open","sticky":false,"template":"","format":"standard","meta":{"footnotes":""},"categories":[127],"tags":[440,48,343],"class_list":["post-1569","post","type-post","status-publish","format-standard","has-post-thumbnail","hentry","category-resumos","tag-cebraspe","tag-direito-constitucional","tag-resumo"],"_links":{"self":[{"href":"https:\/\/gabaritojuridico.com.br\/index.php?rest_route=\/wp\/v2\/posts\/1569","targetHints":{"allow":["GET"]}}],"collection":[{"href":"https:\/\/gabaritojuridico.com.br\/index.php?rest_route=\/wp\/v2\/posts"}],"about":[{"href":"https:\/\/gabaritojuridico.com.br\/index.php?rest_route=\/wp\/v2\/types\/post"}],"author":[{"embeddable":true,"href":"https:\/\/gabaritojuridico.com.br\/index.php?rest_route=\/wp\/v2\/users\/1"}],"replies":[{"embeddable":true,"href":"https:\/\/gabaritojuridico.com.br\/index.php?rest_route=%2Fwp%2Fv2%2Fcomments&post=1569"}],"version-history":[{"count":6,"href":"https:\/\/gabaritojuridico.com.br\/index.php?rest_route=\/wp\/v2\/posts\/1569\/revisions"}],"predecessor-version":[{"id":1862,"href":"https:\/\/gabaritojuridico.com.br\/index.php?rest_route=\/wp\/v2\/posts\/1569\/revisions\/1862"}],"wp:featuredmedia":[{"embeddable":true,"href":"https:\/\/gabaritojuridico.com.br\/index.php?rest_route=\/wp\/v2\/media\/1574"}],"wp:attachment":[{"href":"https:\/\/gabaritojuridico.com.br\/index.php?rest_route=%2Fwp%2Fv2%2Fmedia&parent=1569"}],"wp:term":[{"taxonomy":"category","embeddable":true,"href":"https:\/\/gabaritojuridico.com.br\/index.php?rest_route=%2Fwp%2Fv2%2Fcategories&post=1569"},{"taxonomy":"post_tag","embeddable":true,"href":"https:\/\/gabaritojuridico.com.br\/index.php?rest_route=%2Fwp%2Fv2%2Ftags&post=1569"}],"curies":[{"name":"wp","href":"https:\/\/api.w.org\/{rel}","templated":true}]}}