{"id":1550,"date":"2025-04-30T09:26:26","date_gmt":"2025-04-30T12:26:26","guid":{"rendered":"https:\/\/gabaritojuridico.com.br\/?p=1550"},"modified":"2025-04-30T09:26:26","modified_gmt":"2025-04-30T12:26:26","slug":"a-efetividade-do-direito-a-saude-na-saude-suplementar","status":"publish","type":"post","link":"https:\/\/gabaritojuridico.com.br\/?p=1550","title":{"rendered":"A efetividade do direito \u00e0 sa\u00fade na sa\u00fade suplementar"},"content":{"rendered":"<p style=\"text-align: justify;\">O presente artigo se trata de uma an\u00e1lise do direito \u00e0 sa\u00fade sob a \u00f3tica da jurisprud\u00eancia do <b>STJ<\/b>, com enfoque na atua\u00e7\u00e3o das <b>operadoras de planos de sa\u00fade<\/b> e nos <b>limites da cobertura assistencial<\/b>. A pesquisa estuda o entendimento jurisprudencial consolidado sobre a <b>natureza do rol<\/b> de procedimentos da Ag\u00eancia Nacional de Sa\u00fade Suplementar (<b>ANS<\/b>), a obrigatoriedade de cobertura de <b>tratamentos multidisciplinares<\/b> para o Transtorno do Espectro Autista (<b>TEA<\/b>), medicamentos <b><i>off-label<\/i><\/b> e antineopl\u00e1sicos.<\/p>\n<p style=\"text-align: justify;\">O direito \u00e0 sa\u00fade, consagrado no art. 6\u00ba e no art. 196 da Constitui\u00e7\u00e3o Federal de 1988, imp\u00f5e ao Estado e \u00e0 iniciativa privada o dever de garanti-lo mediante pol\u00edticas sociais e econ\u00f4micas que visem \u00e0 redu\u00e7\u00e3o do risco de doen\u00e7as e ao <b>acesso universal<\/b> e <b>igualit\u00e1rio<\/b> \u00e0s a\u00e7\u00f5es e servi\u00e7os para sua promo\u00e7\u00e3o, prote\u00e7\u00e3o e recupera\u00e7\u00e3o. No \u00e2mbito da <i>sa\u00fade suplementar<\/i>, os contratos de plano de sa\u00fade devem respeitar os direitos fundamentais do consumidor, n\u00e3o podendo limitar indevidamente o acesso a tratamentos indispens\u00e1veis.<\/p>\n<p style=\"text-align: justify;\">Portanto, passa-se \u00e0 an\u00e1lise dos julgados do STJ no que diz respeito \u00e0s obriga\u00e7\u00f5es das operadoras de planos de sa\u00fade, a natureza jur\u00eddica do rol da ANS e as situa\u00e7\u00f5es que ensejam cobertura obrigat\u00f3ria, mesmo de procedimentos n\u00e3o previstos expressamente.<\/p>\n<p style=\"text-align: justify;\"><b>A natureza do rol da ANS<\/b><\/p>\n<p style=\"text-align: justify;\">No julgamento paradigm\u00e1tico do EREsp 1.886.929\/SP e 1.889.704\/SP, conclu\u00eddo em 8 de junho de 2022, o Superior Tribunal de Justi\u00e7a fixou entendimento sobre a <b>natureza do rol de procedimentos e eventos em sa\u00fade da ANS<\/b>, definindo-o, <b>em regra, como taxativo<\/b>, mas <b>com possibilidade de mitiga\u00e7\u00e3o em hip\u00f3teses excepcionais<\/b>.<\/p>\n<p style=\"text-align: justify;\">Foram fixadas quatro teses principais:<\/p>\n<ol style=\"text-align: justify;\">\n<li aria-level=\"1\"><b>O rol da ANS \u00e9 taxativo em regra<\/b>, n\u00e3o obrigando as operadoras a custearem tratamentos n\u00e3o listados;<\/li>\n<li aria-level=\"1\">N\u00e3o h\u00e1 obriga\u00e7\u00e3o de cobertura quando houver, no rol, <b>substituto terap\u00eautico eficaz<\/b>, efetivo e seguro;<\/li>\n<li aria-level=\"1\">\u00c9 poss\u00edvel a <b>contrata\u00e7\u00e3o de cobertura ampliada<\/b> por meio de cl\u00e1usulas adicionais;<\/li>\n<li aria-level=\"1\">Admite-se a <b>cobertura excepcional de procedimentos<\/b> <b><i>extra rol<\/i><\/b>, desde que: <b>(i)<\/b> n\u00e3o haja expressa negativa de incorpora\u00e7\u00e3o pela ANS; <b>(ii)<\/b> haja comprova\u00e7\u00e3o de efic\u00e1cia \u00e0 luz da medicina baseada em evid\u00eancias; <b>(iii)<\/b> exista recomenda\u00e7\u00e3o por \u00f3rg\u00e3os t\u00e9cnicos nacionais ou internacionais; e <b>(iv)<\/b> seja promovido, quando poss\u00edvel, di\u00e1logo institucional com entes especializados, sem implicar deslocamento de compet\u00eancia \u00e0 Justi\u00e7a Federal.<\/li>\n<\/ol>\n<p style=\"text-align: justify;\">O entendimento refor\u00e7a que a taxatividade do rol objetiva garantir <i>previsibilidade<\/i>, <i>seguran\u00e7a jur\u00eddica<\/i> e <i>sustentabilidade atuarial<\/i> do sistema de sa\u00fade suplementar, prevenindo o aumento indiscriminado de custos para os benefici\u00e1rios e assegurando que a inclus\u00e3o de novos procedimentos seja precedida de rigorosa an\u00e1lise t\u00e9cnica e econ\u00f4mica.<\/p>\n<p style=\"text-align: justify;\">Contudo, <b>a excepcionalidade n\u00e3o afasta o controle jurisdicional<\/b> sobre eventuais <b>omiss\u00f5es<\/b>, <b>abusos<\/b> ou <b>inefici\u00eancias<\/b> da ANS, sendo dever do Judici\u00e1rio compatibilizar os princ\u00edpios da legalidade, da efici\u00eancia regulat\u00f3ria, da prote\u00e7\u00e3o \u00e0 sa\u00fade e da dignidade da pessoa humana.<\/p>\n<p style=\"text-align: justify;\">Por seu turno, o <b>rol da ANS representa um piso assistencial m\u00ednimo<\/b>, n\u00e3o sendo vedada a contrata\u00e7\u00e3o de coberturas ampliadas pelas operadoras. O modelo brasileiro de sa\u00fade suplementar baseia-se em <b><i>mutualismo<\/i><\/b> e <b><i>equil\u00edbrio atuarial<\/i><\/b>, mas deve se sujeitar ao controle jurisdicional quando constatadas situa\u00e7\u00f5es de desassist\u00eancia ou de viola\u00e7\u00e3o a direitos fundamentais.<\/p>\n<p style=\"text-align: justify;\">Em s\u00edntese, o STJ pacificou o entendimento de que o <b>rol da ANS possui natureza taxativa mitigada<\/b>, permitindo a cobertura de procedimentos n\u00e3o listados em <b>hip\u00f3teses excepcionais devidamente fundamentadas<\/b>, preservando-se, assim, o equil\u00edbrio entre regula\u00e7\u00e3o t\u00e9cnica, prote\u00e7\u00e3o contratual e tutela da sa\u00fade como direito fundamental.<\/p>\n<p style=\"text-align: justify;\"><b>Terapias multidisciplinares no tratamento do TEA e a obrigatoriedade de cobertura<\/b><\/p>\n<p style=\"text-align: justify;\">O STJ consolidou entendimento relevante a respeito da <b>obrigatoriedade de cobertura, pelos planos de sa\u00fade, de tratamentos multidisciplinares prescritos para pessoas com Transtorno do Espectro Autista (TEA)<\/b>, \u00e0 luz da legisla\u00e7\u00e3o aplic\u00e1vel e das normativas expedidas pela ANS.<\/p>\n<p style=\"text-align: justify;\">Para a Corte, a negativa de cobertura de <b>m\u00e9todos terap\u00eauticos como musicoterapia, equoterapia, terapia ocupacional, fonoaudiologia, psicologia e an\u00e1lise do comportamento aplicada (ABA)<\/b> \u00e9 <i>abusiva<\/i>, desde que haja prescri\u00e7\u00e3o m\u00e9dica e a finalidade do tratamento seja assistencial \u00e0 sa\u00fade.<\/p>\n<p style=\"text-align: justify;\">Contudo, quanto \u00e0 <b>psicopedagogia<\/b>, o STJ estabeleceu crit\u00e9rios objetivos: tal terapia <b>somente ser\u00e1 considerada servi\u00e7o de assist\u00eancia \u00e0 sa\u00fade \u2013 e, portanto, de cobertura obrigat\u00f3ria \u2013 <\/b><b>quando realizada em ambiente cl\u00ednico por profissional da \u00e1rea da sa\u00fade<\/b>. Caso seja conduzida por profissional do ensino em ambiente escolar ou domiciliar, seu car\u00e1ter ser\u00e1 eminentemente educacional, afastando o dever de cobertura contratual, salvo previs\u00e3o expressa.<\/p>\n<p style=\"text-align: justify;\">A <b>psicopedagogia est\u00e1 contemplada nas sess\u00f5es de psicologia<\/b>, as quais, por for\u00e7a da <b>RN 541\/2022 da ANS<\/b>, passaram a ser de <b>cobertura obrigat\u00f3ria e ilimitada<\/b>, com a revoga\u00e7\u00e3o das diretrizes de utiliza\u00e7\u00e3o anteriormente exigidas.<\/p>\n<p style=\"text-align: justify;\">No tocante \u00e0 <b>musicoterapia<\/b>, ela foi inclu\u00edda na <b>Pol\u00edtica Nacional de Pr\u00e1ticas Integrativas e Complementares (PNPIC)<\/b> do SUS, al\u00e9m do reconhecimento da atividade profissional pelo Minist\u00e9rio do Trabalho. Assim, sendo m\u00e9todo eficiente e devidamente prescrito, integra o tratamento multidisciplinar do TEA com <b>cobertura obrigat\u00f3ria pelas operadoras de planos de sa\u00fade<\/b>.<\/p>\n<p style=\"text-align: justify;\">Quanto ao <b>reembolso integral de despesas realizadas fora da rede credenciada<\/b>, restou delimitado que este somente ser\u00e1 devido em hip\u00f3teses espec\u00edficas, tais como: <b>(i)<\/b> descumprimento contratual pela operadora; <b>(ii)<\/b> viola\u00e7\u00e3o de ordem judicial; ou <b>(iii)<\/b> inobserv\u00e2ncia de norma da ANS. Fora desses casos, o reembolso deve observar os limites contratuais e a tabela do plano.<\/p>\n<p style=\"text-align: justify;\">Por fim, a jurisprud\u00eancia da Terceira Turma mant\u00e9m a compatibilidade entre o entendimento da <b>Segunda Se\u00e7\u00e3o sobre a taxatividade mitigada do rol da ANS<\/b> (EREsp 1.889.704\/SP) e a <b>prote\u00e7\u00e3o judicial ao tratamento integral de pessoas com TEA<\/b>, amparando-se na <b>prescri\u00e7\u00e3o m\u00e9dica<\/b>, na <b>finalidade terap\u00eautica das interven\u00e7\u00f5es<\/b> e na <b>normativa atualizada da ANS<\/b>, que reconhece a essencialidade das abordagens multidisciplinares no cuidado com os transtornos globais do desenvolvimento.<\/p>\n<p style=\"text-align: justify;\"><b>Medicamentos <\/b><b><i>off-label<\/i><\/b><b>: dever de cobertura<\/b><\/p>\n<p style=\"text-align: justify;\">O uso <b><i>off-label<\/i><\/b> de medicamentos refere-se \u00e0 <b>prescri\u00e7\u00e3o de f\u00e1rmacos para finalidades, doses, faixas et\u00e1rias ou vias de administra\u00e7\u00e3o distintas daquelas expressamente aprovadas pela Ag\u00eancia Nacional de Vigil\u00e2ncia Sanit\u00e1ria (Anvisa)<\/b> no registro do produto.<\/p>\n<p style=\"text-align: justify;\">Embora o medicamento esteja devidamente registrado e autorizado para comercializa\u00e7\u00e3o no pa\u00eds, seu uso <i>off-label<\/i> ocorre quando o profissional de sa\u00fade, com base em <b>crit\u00e9rios t\u00e9cnicos<\/b> e <b>evid\u00eancias cient\u00edficas<\/b>, entende ser necess\u00e1rio empreg\u00e1-lo de forma <i>diversa<\/i> da indica\u00e7\u00e3o formalmente prevista na bula.<\/p>\n<p style=\"text-align: justify;\">Tal pr\u00e1tica n\u00e3o caracteriza experimentalismo, desde que respaldada por literatura cient\u00edfica id\u00f4nea, protocolos cl\u00ednicos e observ\u00e2ncia dos princ\u00edpios da medicina baseada em evid\u00eancias.<\/p>\n<p style=\"text-align: justify;\">No plano jur\u00eddico, o STJ j\u00e1 reafirmou a <b>obrigatoriedade de cobertura<\/b>, pelos planos de sa\u00fade, de medicamentos prescritos com <b>indica\u00e7\u00e3o <\/b><b><i>off-label<\/i><\/b>, desde que devidamente <b>registrados na Anvisa<\/b>, ainda que seu uso extrapole as indica\u00e7\u00f5es constantes na bula aprovada.<\/p>\n<p style=\"text-align: justify;\">O entendimento jurisprudencial, portanto, \u00e9 no sentido de que <b>a recusa de cobertura baseada unicamente na aus\u00eancia de previs\u00e3o no rol da ANS \u00e9 abusiva<\/b>, sobretudo quando se trata de f\u00e1rmaco <b>registrado na Anvisa<\/b> e prescrito pelo m\u00e9dico assistente.<\/p>\n<p style=\"text-align: justify;\">Embora o EREsp 1.886.929\/SP tenha fixado a regra da <b><i>taxatividade mitigada<\/i><\/b> do rol da ANS, essa limita\u00e7\u00e3o n\u00e3o impede a cobertura de tratamentos excepcionais, desde que haja <b>necessidade cl\u00ednica comprovada, aus\u00eancia de substituto terap\u00eautico e respaldo t\u00e9cnico-cient\u00edfico<\/b>.<\/p>\n<p style=\"text-align: justify;\">A decis\u00e3o foi proferida \u00e0 luz da <b>Lei n. 14.454\/2022<\/b>, que incluiu o \u00a713 ao art. 10 da <b>Lei dos Planos de Sa\u00fade (Lei n. 9.656\/1998)<\/b>, positivando os crit\u00e9rios para a obrigatoriedade de cobertura de procedimentos fora do rol. A norma estabelece que a cobertura \u00e9 devida quando o tratamento possuir: <b>(i)<\/b> comprova\u00e7\u00e3o de efic\u00e1cia \u00e0 luz da medicina baseada em evid\u00eancias, <b>(ii)<\/b> recomenda\u00e7\u00e3o de \u00f3rg\u00e3os t\u00e9cnicos nacionais (como a Conitec ou o Natjus) ou internacionais de renome, e <b>(iii)<\/b> aus\u00eancia de substituto terap\u00eautico eficaz no rol da ANS.<\/p>\n<p style=\"text-align: justify;\">Dessa forma, a Corte reafirmou que o <b>uso <\/b><b><i>off-label<\/i><\/b><b> n\u00e3o constitui, por si s\u00f3, impedimento para cobertura contratual<\/b>, devendo a situa\u00e7\u00e3o ser <b>analisada individualmente<\/b>, com base na prescri\u00e7\u00e3o m\u00e9dica fundamentada e nos princ\u00edpios da boa-f\u00e9 objetiva, da dignidade da pessoa humana e da preserva\u00e7\u00e3o do direito fundamental \u00e0 sa\u00fade.<\/p>\n<p style=\"text-align: justify;\">Nesse sentido, s\u00e3o inv\u00e1lidas as cl\u00e1usulas contratuais que imponham <b>limita\u00e7\u00f5es desarrazoadas ao tratamento indicado pelo profissional de sa\u00fade<\/b>, especialmente quando n\u00e3o h\u00e1 alternativa terap\u00eautica eficaz dispon\u00edvel dentro do rol da ANS, consolidando a prote\u00e7\u00e3o do consumidor e a efetividade do direito \u00e0 sa\u00fade no \u00e2mbito da sa\u00fade suplementar.<\/p>\n<p style=\"text-align: justify;\"><b>Recusa indevida de cobertura e dano moral<\/b><\/p>\n<p style=\"text-align: justify;\">A jurisprud\u00eancia consolidada do STJ estabelece, de forma reiterada, que a <b>recusa indevida ou injustificada de cobertura contratualmente prevista por operadoras de planos de sa\u00fade configura ato il\u00edcito<\/b>, ensejando a <b>repara\u00e7\u00e3o por danos morais<\/b>. Tal entendimento fundamenta-se na constata\u00e7\u00e3o de que a negativa de tratamento m\u00e9dico a que o benefici\u00e1rio faz jus, por for\u00e7a de lei ou do contrato, <b>ultrapassa os limites do mero aborrecimento<\/b>, agravando a afli\u00e7\u00e3o ps\u00edquica e a ang\u00fastia do paciente, sobretudo diante da sua j\u00e1 debilitada condi\u00e7\u00e3o de sa\u00fade.<\/p>\n<p style=\"text-align: justify;\">A Corte reconhece a exist\u00eancia de <b>dano moral <\/b><b><i>in re ipsa<\/i><\/b>, ou seja, presumido a partir da pr\u00f3pria ilicitude da conduta, sendo <b>desnecess\u00e1ria a demonstra\u00e7\u00e3o de preju\u00edzo concreto<\/b>, bastando a comprova\u00e7\u00e3o da negativa injustificada. Essa presun\u00e7\u00e3o decorre da viola\u00e7\u00e3o a direitos fundamentais como a <i>dignidade da pessoa humana<\/i>, a integridade f\u00edsica e o direito \u00e0 vida, valores que se intensificam quando o segurado se encontra em situa\u00e7\u00e3o de vulnerabilidade cl\u00ednica.<\/p>\n<p style=\"text-align: justify;\">Al\u00e9m disso, o STJ considera <b>abusiva a negativa de atendimento em casos de urg\u00eancia ou emerg\u00eancia<\/b>, com base em cl\u00e1usula de car\u00eancia, por entender que tal pr\u00e1tica contraria normas do C\u00f3digo de Defesa do Consumidor e a pr\u00f3pria Lei dos Planos de Sa\u00fade (Lei n. 9.656\/1998), configurando <b>injusta recusa de cobertura<\/b> e, por conseguinte, fundamento leg\u00edtimo para a <b>condena\u00e7\u00e3o da operadora ao pagamento de indeniza\u00e7\u00e3o por danos morais<\/b>.<\/p>\n<p style=\"text-align: justify;\">Portanto, resta pacificado no \u00e2mbito do STJ que <b>a negativa indevida de cobertura m\u00e9dico-hospitalar por operadoras de planos de sa\u00fade imp\u00f5e o dever de indenizar<\/b>, como forma de repara\u00e7\u00e3o ao sofrimento injustamente imposto ao benefici\u00e1rio e de desest\u00edmulo \u00e0 repeti\u00e7\u00e3o da conduta lesiva no mercado de consumo.<\/p>\n<p style=\"text-align: justify;\"><b>Reajuste das mensalidades dos planos de sa\u00fade: legalidade, limites e controle de abusividade<\/b><\/p>\n<p style=\"text-align: justify;\">O reajuste das mensalidades dos planos de sa\u00fade, especialmente em raz\u00e3o da <b>mudan\u00e7a de faixa et\u00e1ria<\/b> ou da <b>varia\u00e7\u00e3o de custos m\u00e9dicos e hospitalares<\/b> (VCMH), constitui tema de elevada relev\u00e2ncia no \u00e2mbito das rela\u00e7\u00f5es de consumo e da regula\u00e7\u00e3o do setor suplementar de sa\u00fade.<\/p>\n<p style=\"text-align: justify;\">O STJ, em sede de <b>julgamento sob o rito dos recursos repetitivos<\/b> (REsp 1.568.244\/RJ), firmou orienta\u00e7\u00e3o no sentido de que <b>o reajuste fundado na altera\u00e7\u00e3o da faixa et\u00e1ria do benefici\u00e1rio n\u00e3o \u00e9, por si s\u00f3, abusivo, desde que observados determinados requisitos objetivos<\/b>. Conforme a tese fixada, \u00e9 v\u00e1lida a cl\u00e1usula contratual que prev\u00ea o reajuste por mudan\u00e7a de faixa et\u00e1ria, desde que: <b>(i)<\/b> haja previs\u00e3o expressa no contrato; <b>(ii)<\/b> sejam respeitadas as normas expedidas pelos \u00f3rg\u00e3os reguladores, notadamente a ANS; e <b>(iii)<\/b> os percentuais aplicados n\u00e3o sejam aleat\u00f3rios, desarrazoados ou desprovidos de fundamenta\u00e7\u00e3o atuarial id\u00f4nea, de modo a n\u00e3o onerar excessivamente o consumidor nem implicar discrimina\u00e7\u00e3o et\u00e1ria.<\/p>\n<p style=\"text-align: justify;\">A necessidade de reajustes peri\u00f3dicos nas mensalidades dos planos decorre da pr\u00f3pria <b>l\u00f3gica econ\u00f4mico-financeira<\/b> que sustenta o sistema de sa\u00fade suplementar, sujeito a constantes varia\u00e7\u00f5es nos custos dos servi\u00e7os m\u00e9dicos e hospitalares. Todavia, tais reajustes n\u00e3o podem vulnerar os <i>princ\u00edpios da boa-f\u00e9 objetiva<\/i>, do <i>equil\u00edbrio contratual<\/i> e da <i>transpar\u00eancia nas rela\u00e7\u00f5es consumeristas<\/i>, sob pena de configura\u00e7\u00e3o de pr\u00e1tica abusiva, nos termos dos arts. 6\u00ba, III, e 51, IV e \u00a71\u00ba, do C\u00f3digo de Defesa do Consumidor (Lei n. 8.078\/1990). Ressalte-se que, conforme pacificado na <b>S\u00famula n. 608 do STJ<\/b>, <b>aplica-se o CDC aos contratos de plano de sa\u00fade<\/b>, ressalvadas as hip\u00f3teses de autogest\u00e3o.<\/p>\n<p style=\"text-align: justify;\">No que se refere \u00e0 <b>varia\u00e7\u00e3o de custos m\u00e9dicos e hospitalares<\/b> (VCMH), a jurisprud\u00eancia vem exigindo que <b>as operadoras demonstrem de forma concreta e documental<\/b> a necessidade de aplica\u00e7\u00e3o de reajustes fundados em aumento da sinistralidade ou de despesas assistenciais. A aus\u00eancia de comprova\u00e7\u00e3o t\u00e9cnica quanto \u00e0 eleva\u00e7\u00e3o dos custos compromete a legitimidade do reajuste, tornando-o abusivo por configurar altera\u00e7\u00e3o unilateral do contrato em detrimento do consumidor, vedada pelo art. 51, inciso X, do CDC.<\/p>\n<p style=\"text-align: justify;\">A jurisprud\u00eancia do STJ \u00e9 firme no sentido de que, <b>mesmo nos contratos coletivos<\/b> \u2013 que n\u00e3o s\u00e3o diretamente regulados pela ANS no tocante aos \u00edndices de reajuste \u2013, a operadora deve demonstrar, com base em <b>dados atuariais e balan\u00e7o financeiro<\/b>, a real necessidade do aumento, especialmente quando este ultrapassar os par\u00e2metros usualmente adotados pela ag\u00eancia reguladora para os planos individuais. A aus\u00eancia de transpar\u00eancia na defini\u00e7\u00e3o dos crit\u00e9rios e na comunica\u00e7\u00e3o pr\u00e9via ao consumidor viola os princ\u00edpios da razoabilidade e da proporcionalidade, podendo ensejar a revis\u00e3o judicial do reajuste.<\/p>\n<p style=\"text-align: justify;\">Portanto, a legalidade dos <b>reajustes<\/b> das mensalidades dos planos de sa\u00fade est\u00e1 <b>condicionada<\/b> \u00e0 sua compatibilidade com as <b>normas contratuais<\/b> e regulamentares, \u00e0 exist\u00eancia de <b>motiva\u00e7\u00e3o t\u00e9cnico-financeira<\/b> adequada e \u00e0 observ\u00e2ncia dos <b>princ\u00edpios protetivos do consumidor<\/b>. O controle judicial da abusividade, nesse contexto, constitui instrumento essencial para assegurar o equil\u00edbrio das rela\u00e7\u00f5es contratuais e a efetividade do direito fundamental \u00e0 sa\u00fade.<\/p>\n<p style=\"text-align: justify;\"><b>Considera\u00e7\u00f5es finais<\/b><\/p>\n<p style=\"text-align: justify;\">Portanto, o entendimento jurisprudencial caminha para assegurar a efetividade do direito fundamental \u00e0 sa\u00fade no \u00e2mbito da sa\u00fade suplementar. Ao mesmo tempo em que respeitam a compet\u00eancia regulat\u00f3ria da ANS, as decis\u00f5es reconhecem a necessidade de se <b><i>mitigar<\/i><\/b>, em hip\u00f3teses <i>excepcionais<\/i>, a rigidez do rol de procedimentos, sempre que estiverem presentes crit\u00e9rios t\u00e9cnicos, m\u00e9dicos e cient\u00edficos que justifiquem a cobertura de tratamentos n\u00e3o previstos.<\/p>\n<p style=\"text-align: justify;\">Ficou evidenciado que a <b>natureza do rol da ANS \u00e9 predominantemente taxativa<\/b>, mas com abertura para <b>mitiga\u00e7\u00e3o em situa\u00e7\u00f5es espec\u00edficas<\/b>, assegurando-se a cobertura de terapias multidisciplinares para pacientes com TEA, medicamentos off-label registrados na Anvisa, e procedimentos que, embora fora do rol, atendam a crit\u00e9rios de efic\u00e1cia e necessidade comprovada. A jurisprud\u00eancia tamb\u00e9m reconhece a possibilidade de reembolso, ainda que fora da rede credenciada, quando houver negativa indevida ou descumprimento de ordem judicial.<\/p>\n<p style=\"text-align: justify;\">Al\u00e9m disso, o STJ tem afirmado, de maneira firme e reiterada, o dever das operadoras de indenizar por danos morais nos casos de negativa injustificada de cobertura. Tal conduta n\u00e3o \u00e9 tratada como mero inadimplemento contratual, mas como viola\u00e7\u00e3o \u00e0 dignidade do benefici\u00e1rio, que se v\u00ea privado do acesso ao tratamento necess\u00e1rio, agravando sua condi\u00e7\u00e3o f\u00edsica e emocional.<\/p>\n<p style=\"text-align: justify;\">Outro ponto relevante diz respeito \u00e0 legalidade e aos <b>limites dos reajustes<\/b> das mensalidades dos planos de sa\u00fade, especialmente os motivados pela mudan\u00e7a de faixa et\u00e1ria ou pela varia\u00e7\u00e3o de custos m\u00e9dicos e hospitalares (VCMH). O STJ estabeleceu que o reajuste por faixa et\u00e1ria \u00e9 v\u00e1lido desde que esteja previsto no contrato, respeite as normas da ANS e se fundamente em crit\u00e9rios atuariais id\u00f4neos. No entanto, a Corte tamb\u00e9m tem reconhecido o dever das operadoras de comprovar, de forma objetiva e documental, a necessidade de reajustes por VCMH, sob pena de configurarem pr\u00e1tica abusiva, em afronta ao CDC. Assim, a revis\u00e3o judicial dos reajustes mostra-se imprescind\u00edvel para garantir o equil\u00edbrio contratual, a transpar\u00eancia e a prote\u00e7\u00e3o do consumidor, em conformidade com os princ\u00edpios da boa-f\u00e9 e da razoabilidade.<\/p>\n<p style=\"text-align: justify;\">Em suma, o Judici\u00e1rio tem buscado equilibrar os interesses econ\u00f4micos e contratuais das operadoras com os direitos fundamentais dos consumidores, promovendo uma tutela jur\u00eddica que se pauta pela dignidade humana, pela boa-f\u00e9 objetiva e pela prote\u00e7\u00e3o da sa\u00fade. A consolida\u00e7\u00e3o desses entendimentos \u00e9 essencial para garantir seguran\u00e7a jur\u00eddica, previsibilidade e, sobretudo, a efetiva\u00e7\u00e3o do direito \u00e0 sa\u00fade como valor fundante do Estado Democr\u00e1tico de Direito.<\/p>\n","protected":false},"excerpt":{"rendered":"<p>An\u00e1lise da jurisprud\u00eancia do STJ sobre o rol da ANS, tratamentos n\u00e3o listados, a responsabilidade das operadoras de planos de sa\u00fade e a abusividade dos reajustes<\/p>\n","protected":false},"author":1,"featured_media":1551,"comment_status":"open","ping_status":"open","sticky":false,"template":"","format":"standard","meta":{"footnotes":""},"categories":[4],"tags":[434,436,433,435,25],"class_list":["post-1550","post","type-post","status-publish","format-standard","has-post-thumbnail","hentry","category-artigos","tag-ans","tag-plano-de-saude","tag-saude","tag-saude-suplementar","tag-stj"],"_links":{"self":[{"href":"https:\/\/gabaritojuridico.com.br\/index.php?rest_route=\/wp\/v2\/posts\/1550","targetHints":{"allow":["GET"]}}],"collection":[{"href":"https:\/\/gabaritojuridico.com.br\/index.php?rest_route=\/wp\/v2\/posts"}],"about":[{"href":"https:\/\/gabaritojuridico.com.br\/index.php?rest_route=\/wp\/v2\/types\/post"}],"author":[{"embeddable":true,"href":"https:\/\/gabaritojuridico.com.br\/index.php?rest_route=\/wp\/v2\/users\/1"}],"replies":[{"embeddable":true,"href":"https:\/\/gabaritojuridico.com.br\/index.php?rest_route=%2Fwp%2Fv2%2Fcomments&post=1550"}],"version-history":[{"count":2,"href":"https:\/\/gabaritojuridico.com.br\/index.php?rest_route=\/wp\/v2\/posts\/1550\/revisions"}],"predecessor-version":[{"id":1553,"href":"https:\/\/gabaritojuridico.com.br\/index.php?rest_route=\/wp\/v2\/posts\/1550\/revisions\/1553"}],"wp:featuredmedia":[{"embeddable":true,"href":"https:\/\/gabaritojuridico.com.br\/index.php?rest_route=\/wp\/v2\/media\/1551"}],"wp:attachment":[{"href":"https:\/\/gabaritojuridico.com.br\/index.php?rest_route=%2Fwp%2Fv2%2Fmedia&parent=1550"}],"wp:term":[{"taxonomy":"category","embeddable":true,"href":"https:\/\/gabaritojuridico.com.br\/index.php?rest_route=%2Fwp%2Fv2%2Fcategories&post=1550"},{"taxonomy":"post_tag","embeddable":true,"href":"https:\/\/gabaritojuridico.com.br\/index.php?rest_route=%2Fwp%2Fv2%2Ftags&post=1550"}],"curies":[{"name":"wp","href":"https:\/\/api.w.org\/{rel}","templated":true}]}}