{"id":1501,"date":"2025-04-15T09:20:12","date_gmt":"2025-04-15T12:20:12","guid":{"rendered":"https:\/\/gabaritojuridico.com.br\/?p=1501"},"modified":"2025-04-15T09:20:12","modified_gmt":"2025-04-15T12:20:12","slug":"politica-de-cotas-em-concursos-publicos-constitucionalidade-e-diretrizes-adotadas-pelo-stf","status":"publish","type":"post","link":"https:\/\/gabaritojuridico.com.br\/?p=1501","title":{"rendered":"Pol\u00edtica de cotas em concursos p\u00fablicos: constitucionalidade e diretrizes adotadas pelo STF"},"content":{"rendered":"<p style=\"text-align: justify;\">A pol\u00edtica de reserva de vagas para candidatos negros em concursos p\u00fablicos constitui um dos mais relevantes instrumentos de <b><i>a\u00e7\u00e3o afirmativa<\/i><\/b> implementados pelo Estado brasileiro para enfrentar a desigualdade racial estrutural e hist\u00f3rica. Essa medida visa garantir a igualdade material de oportunidades e corrigir distor\u00e7\u00f5es sociais decorrentes de s\u00e9culos de discrimina\u00e7\u00e3o e exclus\u00e3o.<\/p>\n<p style=\"text-align: justify;\">A constitucionalidade desse mecanismo foi amplamente debatida e ratificada pelo STF na <b>ADC 41<\/b>, em julgamento un\u00e2nime que consolidou par\u00e2metros essenciais para sua aplica\u00e7\u00e3o. O STF reconheceu que a reserva de vagas se alinha aos princ\u00edpios constitucionais da <i>dignidade da pessoa humana<\/i>, da <i>isonomia<\/i> e da <i>promo\u00e7\u00e3o do bem de todos<\/i>, conforme previsto nos artigos 1\u00ba, 3\u00ba e 5\u00ba da Constitui\u00e7\u00e3o Federal. Al\u00e9m disso, destacou que a pol\u00edtica de cotas contribui para a democratiza\u00e7\u00e3o do acesso aos cargos p\u00fablicos, fortalecendo a representatividade e a diversidade no servi\u00e7o p\u00fablico brasileiro.<\/p>\n<p style=\"text-align: justify;\">A constitucionalidade da Lei n\u00ba 12.990\/2014, que estabelece a reserva de 20% das vagas em concursos p\u00fablicos para negros no \u00e2mbito da administra\u00e7\u00e3o p\u00fablica federal, foi confirmada pelo STF com base na conformidade dessa pol\u00edtica com os princ\u00edpios constitucionais da igualdade, da efici\u00eancia e da proporcionalidade. O <i>princ\u00edpio da isonomia<\/i>, conforme interpretado pelo STF, n\u00e3o deve ser compreendido em sua <b>acep\u00e7\u00e3o meramente formal<\/b>, mas sim <b><i>material<\/i><\/b>, garantindo <b>tratamento diferenciado para grupos historicamente marginalizados<\/b> com o objetivo de promover a <i>equidade substancial<\/i>. A reserva de vagas n\u00e3o constitui <i>privil\u00e9gio<\/i>, mas sim um mecanismo corretivo destinado a mitigar os efeitos do racismo estrutural e institucional, permitindo a inclus\u00e3o de segmentos sociais que, de outra forma, permaneceriam sub-representados no funcionalismo p\u00fablico.<\/p>\n<p style=\"text-align: justify;\">Ademais, a pol\u00edtica de cotas alinha-se aos princ\u00edpios que regem a administra\u00e7\u00e3o p\u00fablica, notadamente o <i>princ\u00edpio do concurso p\u00fablico<\/i> e da <i>efici\u00eancia<\/i>, uma vez que os candidatos beneficiados pela reserva de vagas continuam submetidos aos <b>crit\u00e9rios de m\u00e9rito<\/b> e <b>aptid\u00e3o<\/b> necess\u00e1rios ao exerc\u00edcio das fun\u00e7\u00f5es p\u00fablicas. Al\u00e9m disso, a <i>diversidade<\/i> dentro do servi\u00e7o p\u00fablico \u00e9 um fator que aprimora a representatividade e a legitimidade das institui\u00e7\u00f5es estatais, garantindo a observ\u00e2ncia do modelo de burocracia representativa, que visa refletir a composi\u00e7\u00e3o plural da sociedade na estrutura administrativa.<\/p>\n<p style=\"text-align: justify;\">No tocante ao <i>princ\u00edpio da proporcionalidade<\/i>, o STF reconheceu que a ado\u00e7\u00e3o de a\u00e7\u00f5es afirmativas deve ser avaliada sob as perspectivas da adequa\u00e7\u00e3o, necessidade e proporcionalidade em sentido estrito. A medida se revela <b>adequada<\/b>, pois viabiliza um aumento na participa\u00e7\u00e3o de negros em cargos p\u00fablicos; <b>necess\u00e1ria<\/b>, uma vez que o hist\u00f3rico de exclus\u00e3o social e educacional impede a igualdade de competi\u00e7\u00e3o sem uma interven\u00e7\u00e3o estatal espec\u00edfica; e <b>proporcional<\/b>, considerando que a reserva de 20% das vagas n\u00e3o impede o acesso de outros candidatos e \u00e9 <i>tempor\u00e1ria<\/i>, sujeita a reavalia\u00e7\u00e3o conforme os avan\u00e7os sociais. Dessa forma, a pol\u00edtica de cotas se justifica como um instrumento leg\u00edtimo para corrigir distor\u00e7\u00f5es estruturais e promover a diversidade no quadro funcional do Estado.<\/p>\n<p style=\"text-align: justify;\"><b>Quais as diretrizes para a aplica\u00e7\u00e3o das cotas em concursos p\u00fablicos?<\/b><\/p>\n<p style=\"text-align: justify;\">Para assegurar a efetividade da pol\u00edtica de cotas raciais, o STF estabeleceu par\u00e2metros essenciais que devem ser seguidos pela administra\u00e7\u00e3o p\u00fablica.<\/p>\n<p style=\"text-align: justify;\">A reserva de 20% das vagas deve ser aplicada a <b>todas as fases do certame<\/b>, garantindo que os <b>candidatos negros concorram tanto nas vagas reservadas quanto nas de ampla concorr\u00eancia<\/b>, promovendo a isonomia material dentro do pr\u00f3prio processo seletivo. Al\u00e9m disso, para evitar fraudes e garantir a correta implementa\u00e7\u00e3o da pol\u00edtica, \u00e9 leg\u00edtima a ado\u00e7\u00e3o de mecanismos complementares \u00e0 autodeclara\u00e7\u00e3o, tais como <b>comiss\u00f5es de heteroidentifica\u00e7\u00e3o<\/b>, desde que respeitados os princ\u00edpios do <i>contradit\u00f3rio<\/i>, da <i>ampla defesa<\/i> e da <i>dignidade da pessoa humana<\/i>, fundamentais no Estado Democr\u00e1tico de Direito.<\/p>\n<p style=\"text-align: justify;\">A decis\u00e3o do STF tamb\u00e9m refor\u00e7a a <b>inconstitucionalidade<\/b> de estrat\u00e9gias utilizadas para <b><i>burlar a reserva de vagas<\/i><\/b>, como a <b>divis\u00e3o artificial de vagas por especializa\u00e7\u00f5es<\/b>, que poderiam resultar na exclus\u00e3o indevida de candidatos negros do benef\u00edcio previsto na legisla\u00e7\u00e3o. Essa interpreta\u00e7\u00e3o est\u00e1 alinhada com a <i>veda\u00e7\u00e3o ao retrocesso social <\/i>e com a necessidade de concretiza\u00e7\u00e3o dos objetivos fundamentais da Rep\u00fablica, previstos no artigo 3\u00ba da Constitui\u00e7\u00e3o Federal, especialmente no que tange \u00e0 erradica\u00e7\u00e3o da marginaliza\u00e7\u00e3o e \u00e0 redu\u00e7\u00e3o das desigualdades sociais.<\/p>\n<p style=\"text-align: justify;\">Outro aspecto relevante \u00e9 a <b>manuten\u00e7\u00e3o dos efeitos da reserva de vagas durante toda a trajet\u00f3ria funcional do servidor<\/b> nomeado por meio dessa pol\u00edtica. Isso implica que sua nomea\u00e7\u00e3o e classifica\u00e7\u00e3o n\u00e3o podem ser objeto de <b>discrimina\u00e7\u00e3o posterior no desenvolvimento da carreira<\/b>, de modo que os crit\u00e9rios de altern\u00e2ncia e proporcionalidade na nomea\u00e7\u00e3o devam refletir essa garantia de modo cont\u00ednuo, protegendo o direito do benefici\u00e1rio da pol\u00edtica afirmativa de maneira efetiva e duradoura.<\/p>\n<p style=\"text-align: justify;\">Portanto, a decis\u00e3o do STF na <b>ADC 41<\/b> reafirma de maneira categ\u00f3rica a constitucionalidade da Lei n\u00ba 12.990\/2014, consolidando o entendimento de que a reserva de vagas para negros nos concursos p\u00fablicos constitui um instrumento leg\u00edtimo de <i>a\u00e7\u00e3o afirmativa<\/i>, plenamente compat\u00edvel com os princ\u00edpios fundamentais da Constitui\u00e7\u00e3o Federal. Ao analisar a mat\u00e9ria sob a \u00f3tica da <b>igualdade material<\/b>, da efici\u00eancia administrativa e da proporcionalidade, o Supremo Tribunal Federal estabeleceu par\u00e2metros claros para a aplica\u00e7\u00e3o da pol\u00edtica de cotas, garantindo sua efetividade e coibindo fraudes ou pr\u00e1ticas que possam desvirtuar seu prop\u00f3sito.<\/p>\n<p style=\"text-align: justify;\">O reconhecimento da constitucionalidade dessa pol\u00edtica pelo STF implica n\u00e3o apenas a sua validade formal, mas tamb\u00e9m sua relev\u00e2ncia pr\u00e1tica como mecanismo indispens\u00e1vel para a concretiza\u00e7\u00e3o dos objetivos fundamentais da Rep\u00fablica, especialmente a <b>erradica\u00e7\u00e3o da marginaliza\u00e7\u00e3o<\/b> e a <b>redu\u00e7\u00e3o das desigualdades sociais<\/b> e <b>raciais<\/b>. A Corte enfatizou que a reserva de vagas deve incidir sobre todas as fases do certame, resguardando a altern\u00e2ncia e a proporcionalidade na nomea\u00e7\u00e3o dos candidatos aprovados e garantindo a continuidade dos efeitos da pol\u00edtica afirmativa ao longo da trajet\u00f3ria funcional dos benefici\u00e1rios.<\/p>\n<p style=\"text-align: justify;\">A decis\u00e3o tamb\u00e9m trouxe maior <b><i>seguran\u00e7a jur\u00eddica<\/i><\/b> ao validar o uso de crit\u00e9rios de heteroidentifica\u00e7\u00e3o como ferramenta de controle para evitar fraudes, desde que observados o devido processo legal, o contradit\u00f3rio e a ampla defesa. Dessa forma, a pol\u00edtica de cotas se consolida n\u00e3o apenas como um mecanismo de acesso ao servi\u00e7o p\u00fablico, mas como um instrumento de transforma\u00e7\u00e3o social, assegurando maior representatividade na administra\u00e7\u00e3o p\u00fablica e promovendo um Estado mais plural e democr\u00e1tico.<\/p>\n<p style=\"text-align: justify;\">Em suma, a <b>ADC 41<\/b> representa um marco jurisprudencial na defesa da equidade racial e social no Brasil, refor\u00e7ando a necessidade de pol\u00edticas p\u00fablicas efetivas e bem regulamentadas para corrigir desigualdades hist\u00f3ricas e garantir a inclus\u00e3o de grupos tradicionalmente marginalizados no servi\u00e7o p\u00fablico.<\/p>\n<p style=\"text-align: justify;\"><b>TESE<\/b>: \u00c9 constitucional a reserva de 20% das vagas oferecidas nos concursos p\u00fablicos para provimento de cargos efetivos e empregos p\u00fablicos no \u00e2mbito da administra\u00e7\u00e3o p\u00fablica direta e indireta. \u00c9 leg\u00edtima a utiliza\u00e7\u00e3o, al\u00e9m da autodeclara\u00e7\u00e3o, de crit\u00e9rios subsidi\u00e1rios de heteroidentifica\u00e7\u00e3o, desde que respeitada a dignidade da pessoa humana e garantidos o contradit\u00f3rio e a ampla defesa.<\/p>\n<p style=\"text-align: justify;\"><b>ADC 41<\/b>, Relator(a): ROBERTO BARROSO, Tribunal Pleno, julgado em 08-06-2017, PROCESSO ELETR\u00d4NICO DJe-180\u00a0 DIVULG 16-08-2017\u00a0 PUBLIC 17-08-2017<\/p>\n","protected":false},"excerpt":{"rendered":"<p>A ADC 41 e a promo\u00e7\u00e3o da igualdade material no servi\u00e7o p\u00fablico<\/p>\n","protected":false},"author":1,"featured_media":1504,"comment_status":"open","ping_status":"open","sticky":false,"template":"","format":"standard","meta":{"footnotes":""},"categories":[4],"tags":[209,417,339,35],"class_list":["post-1501","post","type-post","status-publish","format-standard","has-post-thumbnail","hentry","category-artigos","tag-concurso-publico","tag-cota","tag-cota-racial","tag-stf"],"_links":{"self":[{"href":"https:\/\/gabaritojuridico.com.br\/index.php?rest_route=\/wp\/v2\/posts\/1501","targetHints":{"allow":["GET"]}}],"collection":[{"href":"https:\/\/gabaritojuridico.com.br\/index.php?rest_route=\/wp\/v2\/posts"}],"about":[{"href":"https:\/\/gabaritojuridico.com.br\/index.php?rest_route=\/wp\/v2\/types\/post"}],"author":[{"embeddable":true,"href":"https:\/\/gabaritojuridico.com.br\/index.php?rest_route=\/wp\/v2\/users\/1"}],"replies":[{"embeddable":true,"href":"https:\/\/gabaritojuridico.com.br\/index.php?rest_route=%2Fwp%2Fv2%2Fcomments&post=1501"}],"version-history":[{"count":1,"href":"https:\/\/gabaritojuridico.com.br\/index.php?rest_route=\/wp\/v2\/posts\/1501\/revisions"}],"predecessor-version":[{"id":1505,"href":"https:\/\/gabaritojuridico.com.br\/index.php?rest_route=\/wp\/v2\/posts\/1501\/revisions\/1505"}],"wp:featuredmedia":[{"embeddable":true,"href":"https:\/\/gabaritojuridico.com.br\/index.php?rest_route=\/wp\/v2\/media\/1504"}],"wp:attachment":[{"href":"https:\/\/gabaritojuridico.com.br\/index.php?rest_route=%2Fwp%2Fv2%2Fmedia&parent=1501"}],"wp:term":[{"taxonomy":"category","embeddable":true,"href":"https:\/\/gabaritojuridico.com.br\/index.php?rest_route=%2Fwp%2Fv2%2Fcategories&post=1501"},{"taxonomy":"post_tag","embeddable":true,"href":"https:\/\/gabaritojuridico.com.br\/index.php?rest_route=%2Fwp%2Fv2%2Ftags&post=1501"}],"curies":[{"name":"wp","href":"https:\/\/api.w.org\/{rel}","templated":true}]}}