{"id":1492,"date":"2025-04-11T08:41:24","date_gmt":"2025-04-11T11:41:24","guid":{"rendered":"https:\/\/gabaritojuridico.com.br\/?p=1492"},"modified":"2025-04-11T08:41:24","modified_gmt":"2025-04-11T11:41:24","slug":"aplicacao-imediata-da-nova-regra-sobre-comprovacao-de-feriado-local-no-cpc","status":"publish","type":"post","link":"https:\/\/gabaritojuridico.com.br\/?p=1492","title":{"rendered":"Aplica\u00e7\u00e3o imediata da nova regra sobre comprova\u00e7\u00e3o de feriado local no CPC"},"content":{"rendered":"<p style=\"text-align: justify;\">A quest\u00e3o central analisada pelo STJ envolve a defini\u00e7\u00e3o do marco temporal para a aplica\u00e7\u00e3o da nova reda\u00e7\u00e3o do \u00a7 6\u00ba do art. 1.003 do CPC, introduzida pela Lei n\u00ba 14.939\/2024. O dispositivo estabelece que o recorrente deve comprovar a ocorr\u00eancia de <b><i>feriado local<\/i><\/b> no momento da interposi\u00e7\u00e3o do recurso, mas, caso n\u00e3o o fa\u00e7a, o tribunal dever\u00e1 <b>permitir a corre\u00e7\u00e3o do v\u00edcio<\/b> formal <i>ou<\/i> <b>desconsider\u00e1-lo<\/b> se a informa\u00e7\u00e3o j\u00e1 constar do processo eletr\u00f4nico.<\/p>\n<p style=\"text-align: justify;\">Dado seu car\u00e1ter eminentemente processual, <b>a nova legisla\u00e7\u00e3o deve ser aplicada imediatamente, inclusive aos recursos interpostos antes de sua vig\u00eancia<\/b>, conforme o disposto no art. 14 do CPC, que determina a aplica\u00e7\u00e3o imediata das normas processuais aos atos pendentes.<\/p>\n<p style=\"text-align: justify;\">Importante destacar que a Lei n\u00ba 14.939\/2024 n\u00e3o alterou os requisitos de admissibilidade recursal, mantendo a exig\u00eancia de que o recorrente comprove, no ato da interposi\u00e7\u00e3o do recurso, a suspens\u00e3o do expediente forense no local de protocolo da pe\u00e7a recursal. O que a nova norma fez foi impor um dever ao Poder Judici\u00e1rio, que dever\u00e1, <i>de of\u00edcio<\/i>, <b>conceder oportunidade para a regulariza\u00e7\u00e3o<\/b> da falha formal, sem estabelecer prazo espec\u00edfico para tanto.<\/p>\n<p style=\"text-align: justify;\">O dispositivo prev\u00ea que o tribunal pode determinar a corre\u00e7\u00e3o do v\u00edcio ou, alternativamente, desconsider\u00e1-lo caso a informa\u00e7\u00e3o j\u00e1 conste do processo eletr\u00f4nico. Assim, enquanto a compet\u00eancia do \u00f3rg\u00e3o jurisdicional n\u00e3o estiver encerrada e inexistir coisa julgada formal sobre a intempestividade recursal, tanto a Corte de origem quanto o Tribunal superior dever\u00e3o assegurar ao recorrente a oportunidade de sanar a omiss\u00e3o.<\/p>\n<p style=\"text-align: justify;\">Por exemplo, se houver decis\u00e3o monocr\u00e1tica reafirmando a intempestividade de um recurso devido \u00e0 aus\u00eancia de comprova\u00e7\u00e3o do feriado local, caber\u00e1 ao relator do agravo interno ou regimental permitir que o recorrente apresente o documento comprobat\u00f3rio dentro do prazo legal. Caso esse documento j\u00e1 tenha sido juntado ao processo, a nova norma dispensa a necessidade de intima\u00e7\u00e3o para cumprimento desse requisito, permitindo o regular prosseguimento do feito.<\/p>\n<p style=\"text-align: justify;\">Essa interpreta\u00e7\u00e3o adotada pela Corte est\u00e1 alinhada ao <i>princ\u00edpio da primazia da resolu\u00e7\u00e3o do m\u00e9rito<\/i>, amplamente adotado pelo CPC, conforme disposto nos artigos 4\u00ba, 6\u00ba, 139, IX, 932, par\u00e1grafo \u00fanico, e 938, \u00a7 1\u00ba. Dessa forma, sempre que poss\u00edvel, a aplica\u00e7\u00e3o das normas processuais deve priorizar a solu\u00e7\u00e3o da controv\u00e9rsia em seu m\u00e9rito, evitando o formalismo excessivo que possa comprometer o direito das partes ao contradit\u00f3rio e \u00e0 ampla defesa.<\/p>\n<p style=\"text-align: justify;\"><b>RESUMO<\/b>: Devem ser aplicados os efeitos da Lei n. 14.939\/2024, de 30\/7\/2024, tamb\u00e9m aos recursos interpostos antes de sua vig\u00eancia, devendo ser observada, igualmente, por ocasi\u00e3o do julgamento dos agravos internos\/regimentais contra decis\u00f5es monocr\u00e1ticas de inadmissibilidade recursal em decorr\u00eancia da falta de comprova\u00e7\u00e3o de aus\u00eancia de expediente forense.<\/p>\n<p style=\"text-align: justify;\">QO no AREsp 2.638.376-MG, Rel. Ministro Antonio Carlos Ferreira, Corte Especial, por maioria, julgado em 5\/2\/2025.<\/p>\n","protected":false},"excerpt":{"rendered":"<p>A primazia do m\u00e9rito e a flexibiliza\u00e7\u00e3o das formalidades processuais na Lei n\u00ba 14.939\/2024<\/p>\n","protected":false},"author":1,"featured_media":1493,"comment_status":"open","ping_status":"open","sticky":false,"template":"","format":"standard","meta":{"footnotes":""},"categories":[143],"tags":[142,141,414,415,25],"class_list":["post-1492","post","type-post","status-publish","format-standard","has-post-thumbnail","hentry","category-pilulas-juridicas","tag-codigo-de-processo-civil","tag-cpc","tag-feriado","tag-lei-14939","tag-stj"],"_links":{"self":[{"href":"https:\/\/gabaritojuridico.com.br\/index.php?rest_route=\/wp\/v2\/posts\/1492","targetHints":{"allow":["GET"]}}],"collection":[{"href":"https:\/\/gabaritojuridico.com.br\/index.php?rest_route=\/wp\/v2\/posts"}],"about":[{"href":"https:\/\/gabaritojuridico.com.br\/index.php?rest_route=\/wp\/v2\/types\/post"}],"author":[{"embeddable":true,"href":"https:\/\/gabaritojuridico.com.br\/index.php?rest_route=\/wp\/v2\/users\/1"}],"replies":[{"embeddable":true,"href":"https:\/\/gabaritojuridico.com.br\/index.php?rest_route=%2Fwp%2Fv2%2Fcomments&post=1492"}],"version-history":[{"count":1,"href":"https:\/\/gabaritojuridico.com.br\/index.php?rest_route=\/wp\/v2\/posts\/1492\/revisions"}],"predecessor-version":[{"id":1494,"href":"https:\/\/gabaritojuridico.com.br\/index.php?rest_route=\/wp\/v2\/posts\/1492\/revisions\/1494"}],"wp:featuredmedia":[{"embeddable":true,"href":"https:\/\/gabaritojuridico.com.br\/index.php?rest_route=\/wp\/v2\/media\/1493"}],"wp:attachment":[{"href":"https:\/\/gabaritojuridico.com.br\/index.php?rest_route=%2Fwp%2Fv2%2Fmedia&parent=1492"}],"wp:term":[{"taxonomy":"category","embeddable":true,"href":"https:\/\/gabaritojuridico.com.br\/index.php?rest_route=%2Fwp%2Fv2%2Fcategories&post=1492"},{"taxonomy":"post_tag","embeddable":true,"href":"https:\/\/gabaritojuridico.com.br\/index.php?rest_route=%2Fwp%2Fv2%2Ftags&post=1492"}],"curies":[{"name":"wp","href":"https:\/\/api.w.org\/{rel}","templated":true}]}}