{"id":1372,"date":"2025-02-06T10:29:33","date_gmt":"2025-02-06T13:29:33","guid":{"rendered":"https:\/\/gabaritojuridico.com.br\/?p=1372"},"modified":"2025-02-06T10:29:33","modified_gmt":"2025-02-06T13:29:33","slug":"stj-afasta-racismo-reverso-a-configuracao-da-injuria-racial-no-brasil","status":"publish","type":"post","link":"https:\/\/gabaritojuridico.com.br\/?p=1372","title":{"rendered":"STJ afasta &#8216;racismo reverso&#8217;: a configura\u00e7\u00e3o da inj\u00faria racial no Brasil"},"content":{"rendered":"<p style=\"text-align: justify;\">O Superior Tribunal de Justi\u00e7a concedeu <i>habeas corpus<\/i> para anular todos os atos de um processo por inj\u00faria racial contra um homem negro, acusado de ofender um italiano com refer\u00eancias \u00e0 cor da pele. A Corte afastou a possibilidade de reconhecimento do chamado &#8220;racismo reverso&#8221; e estabeleceu importantes fundamentos sobre a configura\u00e7\u00e3o do crime de inj\u00faria racial no ordenamento jur\u00eddico brasileiro.<\/p>\n<p style=\"text-align: justify;\"><b>O conceito de inj\u00faria racial e sua previs\u00e3o legal<\/b><\/p>\n<p style=\"text-align: justify;\">A <b>inj\u00faria racial<\/b> est\u00e1 prevista no artigo 2\u00ba-A da Lei n.\u00ba 7.716\/1989, que define os crimes resultantes de preconceito de ra\u00e7a ou de cor. Tal dispositivo visa proteger <b>grupos historicamente discriminados<\/b>, sendo uma express\u00e3o espec\u00edfica da criminaliza\u00e7\u00e3o do racismo. Assim, a interpreta\u00e7\u00e3o da norma deve considerar a <i>realidade social<\/i> e a exist\u00eancia de <i>hierarquias raciais impostas historicamente<\/i>.<\/p>\n<p style=\"text-align: justify;\">Nesse sentido, a tipifica\u00e7\u00e3o do crime de inj\u00faria racial deve ser interpretada em conson\u00e2ncia com o Protocolo de Julgamento com Perspectiva Racial do Conselho Nacional de Justi\u00e7a, que refor\u00e7a a necessidade de se considerar as estruturas de opress\u00e3o racial na aplica\u00e7\u00e3o da lei penal.<\/p>\n<p style=\"text-align: justify;\"><b>O afastamento do &#8220;racismo reverso&#8221;<\/b><\/p>\n<p style=\"text-align: justify;\">A decis\u00e3o do STJ recha\u00e7a a ideia de &#8220;racismo reverso&#8221;, que pressuporia que pessoas brancas poderiam ser v\u00edtimas de racismo nos mesmos moldes que grupos historicamente marginalizados. O Tribunal entendeu que <b>o racismo \u00e9 um fen\u00f4meno estrutural<\/b>, baseado na <b>hist\u00f3ria de exclus\u00e3o de determinados grupos raciais<\/b> em contextos de <i>poder<\/i> e <i>privil\u00e9gio<\/i>.<\/p>\n<p style=\"text-align: justify;\">Nesse sentido, a inj\u00faria racial, para se configurar, exige uma rela\u00e7\u00e3o de <b>opress\u00e3o hist\u00f3rica<\/b>. Para o STJ, a express\u00e3o &#8220;grupos minorit\u00e1rios&#8221; na Lei n.\u00ba 7.716\/1989 n\u00e3o se refere exclusivamente ao n\u00famero de pessoas pertencentes a determinada coletividade, mas \u00e0quelas que, <b>mesmo numericamente majorit\u00e1rias<\/b>, sofrem discrimina\u00e7\u00e3o sistem\u00e1tica e institucionalizada.<\/p>\n<p style=\"text-align: justify;\">Portanto, n\u00e3o \u00e9 poss\u00edvel enquadrar pessoas brancas como minoria nesse contexto, pois elas n\u00e3o s\u00e3o hist\u00f3rica e estruturalmente discriminadas. O STJ deixou claro que <b>ofensas dirigidas a pessoas brancas podem configurar outros crimes contra a honra,<\/b> como cal\u00fania, difama\u00e7\u00e3o ou inj\u00faria simples, mas n\u00e3o se enquadram na inj\u00faria racial.<\/p>\n<p style=\"text-align: justify;\"><b>O impacto da decis\u00e3o e seus reflexos no direito penal<\/b><\/p>\n<p style=\"text-align: justify;\">A decis\u00e3o do STJ reafirma uma interpreta\u00e7\u00e3o alinhada \u00e0s diretrizes dos tratados internacionais sobre discrimina\u00e7\u00e3o racial e \u00e0s normas de prote\u00e7\u00e3o dos direitos humanos. Ao afastar o &#8220;racismo reverso&#8221;, o Tribunal refor\u00e7a o papel da legisla\u00e7\u00e3o <b><i>antirracista<\/i><\/b> na prote\u00e7\u00e3o de grupos que, historicamente, foram privados de direitos e acesso equitativo \u00e0 cidadania plena.<\/p>\n<p style=\"text-align: justify;\">A jurisprud\u00eancia estabelecida pode impactar a forma como casos semelhantes ser\u00e3o julgados, garantindo que a legisla\u00e7\u00e3o penal seja aplicada de maneira coerente com a realidade social brasileira. Isso tamb\u00e9m previne o uso distorcido da lei penal para criminalizar a express\u00e3o de ressentimentos ou cr\u00edticas hist\u00f3ricas feitas por grupos marginalizados contra aqueles que tradicionalmente ocuparam posi\u00e7\u00f5es de privil\u00e9gio.<\/p>\n<p style=\"text-align: justify;\">\u00c9 dizer, a decis\u00e3o do STJ acaba por reafirmar a fun\u00e7\u00e3o social da lei de crimes raciais e a necessidade de interpretar normas penais em sintonia com o <b>contexto hist\u00f3rico de desigualdade racial<\/b> no Brasil. O afastamento da ideia de &#8220;racismo reverso&#8221; refor\u00e7a o entendimento de que o racismo \u00e9 um fen\u00f4meno <i>estrutural<\/i> e que a prote\u00e7\u00e3o legal se destina a <b>grupos efetivamente discriminados ao longo da hist\u00f3ria<\/b>.<\/p>\n<p style=\"text-align: justify;\">Ainda que ofensas dirigidas a pessoas brancas possam configurar crimes contra a honra, a inj\u00faria racial n\u00e3o se aplica nesses casos, pois sua finalidade \u00e9 combater a marginaliza\u00e7\u00e3o hist\u00f3rica de determinados grupos raciais.<\/p>\n<p style=\"text-align: justify;\">HC n\u00ba 929002\/AL, julgado em 04\/02\/2025.<\/p>\n","protected":false},"excerpt":{"rendered":"<p>O Superior Tribunal de Justi\u00e7a concedeu habeas corpus para anular todos os atos de um processo por inj\u00faria racial contra um homem negro, acusado de ofender um italiano com refer\u00eancias \u00e0 cor da pele. A Corte afastou a possibilidade de reconhecimento do chamado &#8220;racismo reverso&#8221; e estabeleceu importantes fundamentos sobre a configura\u00e7\u00e3o do crime de [&hellip;]<\/p>\n","protected":false},"author":1,"featured_media":1373,"comment_status":"open","ping_status":"open","sticky":false,"template":"","format":"standard","meta":{"footnotes":""},"categories":[4],"tags":[383,384,25],"class_list":["post-1372","post","type-post","status-publish","format-standard","has-post-thumbnail","hentry","category-artigos","tag-injuria-racial","tag-racismo","tag-stj"],"_links":{"self":[{"href":"https:\/\/gabaritojuridico.com.br\/index.php?rest_route=\/wp\/v2\/posts\/1372","targetHints":{"allow":["GET"]}}],"collection":[{"href":"https:\/\/gabaritojuridico.com.br\/index.php?rest_route=\/wp\/v2\/posts"}],"about":[{"href":"https:\/\/gabaritojuridico.com.br\/index.php?rest_route=\/wp\/v2\/types\/post"}],"author":[{"embeddable":true,"href":"https:\/\/gabaritojuridico.com.br\/index.php?rest_route=\/wp\/v2\/users\/1"}],"replies":[{"embeddable":true,"href":"https:\/\/gabaritojuridico.com.br\/index.php?rest_route=%2Fwp%2Fv2%2Fcomments&post=1372"}],"version-history":[{"count":1,"href":"https:\/\/gabaritojuridico.com.br\/index.php?rest_route=\/wp\/v2\/posts\/1372\/revisions"}],"predecessor-version":[{"id":1374,"href":"https:\/\/gabaritojuridico.com.br\/index.php?rest_route=\/wp\/v2\/posts\/1372\/revisions\/1374"}],"wp:featuredmedia":[{"embeddable":true,"href":"https:\/\/gabaritojuridico.com.br\/index.php?rest_route=\/wp\/v2\/media\/1373"}],"wp:attachment":[{"href":"https:\/\/gabaritojuridico.com.br\/index.php?rest_route=%2Fwp%2Fv2%2Fmedia&parent=1372"}],"wp:term":[{"taxonomy":"category","embeddable":true,"href":"https:\/\/gabaritojuridico.com.br\/index.php?rest_route=%2Fwp%2Fv2%2Fcategories&post=1372"},{"taxonomy":"post_tag","embeddable":true,"href":"https:\/\/gabaritojuridico.com.br\/index.php?rest_route=%2Fwp%2Fv2%2Ftags&post=1372"}],"curies":[{"name":"wp","href":"https:\/\/api.w.org\/{rel}","templated":true}]}}