{"id":1273,"date":"2024-12-13T14:06:31","date_gmt":"2024-12-13T17:06:31","guid":{"rendered":"https:\/\/gabaritojuridico.com.br\/?p=1273"},"modified":"2024-12-13T14:06:31","modified_gmt":"2024-12-13T17:06:31","slug":"autodeclaracao-racial-e-eliminacao-em-concursos-interpretacao-do-stj-sobre-a-lei-de-cotas","status":"publish","type":"post","link":"https:\/\/gabaritojuridico.com.br\/?p=1273","title":{"rendered":"Autodeclara\u00e7\u00e3o racial e elimina\u00e7\u00e3o em concursos: interpreta\u00e7\u00e3o do STJ sobre a lei de cotas"},"content":{"rendered":"<p style=\"text-align: justify;\">Um candidato pode ser eliminado de um concurso p\u00fablico se sua autodeclara\u00e7\u00e3o como afrodescendente n\u00e3o for homologada pela comiss\u00e3o de heteroidentifica\u00e7\u00e3o, mesmo que tenha sido aprovado nas vagas de ampla concorr\u00eancia?<\/p>\n<p style=\"text-align: justify;\"><b>N\u00c3O<\/b>.<\/p>\n<p style=\"text-align: justify;\">A controv\u00e9rsia submetida ao STJ trata da elimina\u00e7\u00e3o de candidato em processo seletivo em raz\u00e3o de n\u00e3o homologa\u00e7\u00e3o, pela Comiss\u00e3o de Heteroidentifica\u00e7\u00e3o, de sua autodeclara\u00e7\u00e3o como pessoa negra (preta ou parda). A elimina\u00e7\u00e3o ocorreu mesmo o candidato tendo se classificado dentro das vagas destinadas \u00e0 ampla concorr\u00eancia.<\/p>\n<p style=\"text-align: justify;\">A quest\u00e3o central \u00e9 verificar a compatibilidade de cl\u00e1usula edital\u00edcia que imp\u00f5e essa elimina\u00e7\u00e3o com o art. 2\u00ba, par\u00e1grafo \u00fanico, da Lei n. 12.990\/2014.<\/p>\n<p style=\"text-align: justify;\">O art. 2\u00ba da Lei n. 12.990\/2014 autoriza a reserva de vagas para candidatos negros, definidos como aqueles que se autodeclaram pretos ou pardos. No entanto, <b>o par\u00e1grafo \u00fanico desse dispositivo prev\u00ea a elimina\u00e7\u00e3o apenas para quem prestar declara\u00e7\u00e3o falsa, restringindo tal penalidade \u00e0 disputa pelas vagas reservadas, sem afetar a possibilidade de concorr\u00eancia \u00e0s vagas de ampla concorr\u00eancia.<\/b><\/p>\n<p style=\"text-align: justify;\">Al\u00e9m disso, o art. 3\u00ba da mesma lei determina que <b>os candidatos autodeclarados negros podem concorrer concomitantemente \u00e0s vagas reservadas e \u00e0s de ampla concorr\u00eancia.<\/b> N\u00e3o h\u00e1 qualquer men\u00e7\u00e3o na norma \u00e0 influ\u00eancia de uma eventual elimina\u00e7\u00e3o na concorr\u00eancia \u00e0s vagas reservadas sobre a participa\u00e7\u00e3o do candidato nas vagas gerais.<\/p>\n<p style=\"text-align: justify;\">Realizando uma interpreta\u00e7\u00e3o sistem\u00e1tica da Lei n. 12.990\/2014, o STJ concluiu que a san\u00e7\u00e3o de elimina\u00e7\u00e3o por declara\u00e7\u00e3o falsa deve ser <b>restrita apenas \u00e0 disputa pelas vagas reservadas<\/b>. A elimina\u00e7\u00e3o de um candidato com base na n\u00e3o homologa\u00e7\u00e3o da autodeclara\u00e7\u00e3o n\u00e3o pode afetar sua participa\u00e7\u00e3o na ampla concorr\u00eancia, pois isso seria incompat\u00edvel com os objetivos e os dispositivos da lei.<\/p>\n<p style=\"text-align: justify;\">O STJ destacou, ainda, que a classifica\u00e7\u00e3o racial possui natureza subjetiva, influenciada por percep\u00e7\u00f5es pessoais dos membros da comiss\u00e3o de heteroidentifica\u00e7\u00e3o. Dada essa subjetividade, a <b>simples n\u00e3o homologa\u00e7\u00e3o da autodeclara\u00e7\u00e3o n\u00e3o pode ser automaticamente interpretada como declara\u00e7\u00e3o falsa ou como indicativo de m\u00e1-f\u00e9<\/b>.<\/p>\n<p style=\"text-align: justify;\">Ademais, a Lei n. 12.990\/2014 n\u00e3o fornece crit\u00e9rios objetivos para definir o que seria uma &#8220;declara\u00e7\u00e3o falsa&#8221;, tampouco presume m\u00e1-f\u00e9 do candidato. Assim, a elimina\u00e7\u00e3o irrestrita do candidato com base apenas na n\u00e3o homologa\u00e7\u00e3o viola o princ\u00edpio da razoabilidade, que exige equidade e congru\u00eancia na aplica\u00e7\u00e3o das normas.<\/p>\n<p style=\"text-align: justify;\">A jurisprud\u00eancia do STJ ressalta que a aplica\u00e7\u00e3o de penalidades deve observar o <b><i>princ\u00edpio da razoabilidade<\/i><\/b>. Tal princ\u00edpio exige que a penalidade seja <i>proporcional<\/i> e que se considere a possibilidade de diverg\u00eancias subjetivas na avalia\u00e7\u00e3o das caracter\u00edsticas fenot\u00edpicas de um indiv\u00edduo. Dessa forma, a n\u00e3o homologa\u00e7\u00e3o da autodeclara\u00e7\u00e3o n\u00e3o pode ser utilizada para imputar falsidade ou m\u00e1-f\u00e9 ao candidato, especialmente sem evid\u00eancias concretas nesse sentido.<\/p>\n<p style=\"text-align: justify;\">Portanto, <b>a elimina\u00e7\u00e3o do candidato em raz\u00e3o da n\u00e3o homologa\u00e7\u00e3o de sua autodeclara\u00e7\u00e3o racial deve ser aplicada somente em rela\u00e7\u00e3o \u00e0s vagas reservadas<\/b>.<\/p>\n<p style=\"text-align: justify;\"><b>RESUMO<\/b>: A n\u00e3o homologa\u00e7\u00e3o, pela comiss\u00e3o de heteroidentifica\u00e7\u00e3o, de autodeclara\u00e7\u00e3o do candidato \u00e0s vagas destinadas a afrodescendentes implica apenas sua elimina\u00e7\u00e3o do certame em rela\u00e7\u00e3o \u00e0s vagas reservadas e n\u00e3o alcan\u00e7a a sua classifica\u00e7\u00e3o na lista de ampla concorr\u00eancia.<\/p>\n<p style=\"text-align: justify;\">REsp 2.105.250-RJ, Rel. Ministro S\u00e9rgio Kukina, Primeira Turma, por unanimidade, julgado em 26\/11\/2024, DJe 4\/12\/2024.<\/p>\n","protected":false},"excerpt":{"rendered":"<p>Um candidato pode ser eliminado de um concurso p\u00fablico se sua autodeclara\u00e7\u00e3o como afrodescendente n\u00e3o for homologada pela comiss\u00e3o de heteroidentifica\u00e7\u00e3o, mesmo que tenha sido aprovado nas vagas de ampla concorr\u00eancia? N\u00c3O. A controv\u00e9rsia submetida ao STJ trata da elimina\u00e7\u00e3o de candidato em processo seletivo em raz\u00e3o de n\u00e3o homologa\u00e7\u00e3o, pela Comiss\u00e3o de Heteroidentifica\u00e7\u00e3o, de [&hellip;]<\/p>\n","protected":false},"author":1,"featured_media":1275,"comment_status":"open","ping_status":"open","sticky":false,"template":"","format":"standard","meta":{"footnotes":""},"categories":[143],"tags":[341,209,339,342,340,25],"class_list":["post-1273","post","type-post","status-publish","format-standard","has-post-thumbnail","hentry","category-pilulas-juridicas","tag-concurso","tag-concurso-publico","tag-cota-racial","tag-gabaritojuridico","tag-lei-de-cotas","tag-stj"],"_links":{"self":[{"href":"https:\/\/gabaritojuridico.com.br\/index.php?rest_route=\/wp\/v2\/posts\/1273","targetHints":{"allow":["GET"]}}],"collection":[{"href":"https:\/\/gabaritojuridico.com.br\/index.php?rest_route=\/wp\/v2\/posts"}],"about":[{"href":"https:\/\/gabaritojuridico.com.br\/index.php?rest_route=\/wp\/v2\/types\/post"}],"author":[{"embeddable":true,"href":"https:\/\/gabaritojuridico.com.br\/index.php?rest_route=\/wp\/v2\/users\/1"}],"replies":[{"embeddable":true,"href":"https:\/\/gabaritojuridico.com.br\/index.php?rest_route=%2Fwp%2Fv2%2Fcomments&post=1273"}],"version-history":[{"count":1,"href":"https:\/\/gabaritojuridico.com.br\/index.php?rest_route=\/wp\/v2\/posts\/1273\/revisions"}],"predecessor-version":[{"id":1276,"href":"https:\/\/gabaritojuridico.com.br\/index.php?rest_route=\/wp\/v2\/posts\/1273\/revisions\/1276"}],"wp:featuredmedia":[{"embeddable":true,"href":"https:\/\/gabaritojuridico.com.br\/index.php?rest_route=\/wp\/v2\/media\/1275"}],"wp:attachment":[{"href":"https:\/\/gabaritojuridico.com.br\/index.php?rest_route=%2Fwp%2Fv2%2Fmedia&parent=1273"}],"wp:term":[{"taxonomy":"category","embeddable":true,"href":"https:\/\/gabaritojuridico.com.br\/index.php?rest_route=%2Fwp%2Fv2%2Fcategories&post=1273"},{"taxonomy":"post_tag","embeddable":true,"href":"https:\/\/gabaritojuridico.com.br\/index.php?rest_route=%2Fwp%2Fv2%2Ftags&post=1273"}],"curies":[{"name":"wp","href":"https:\/\/api.w.org\/{rel}","templated":true}]}}