{"id":1251,"date":"2024-12-05T10:42:00","date_gmt":"2024-12-05T13:42:00","guid":{"rendered":"https:\/\/gabaritojuridico.com.br\/?p=1251"},"modified":"2024-12-05T10:42:00","modified_gmt":"2024-12-05T13:42:00","slug":"a-mora-na-responsabilidade-civil-termo-inicial-dos-juros-moratorios","status":"publish","type":"post","link":"https:\/\/gabaritojuridico.com.br\/?p=1251","title":{"rendered":"A mora na responsabilidade civil: termo inicial dos juros morat\u00f3rios"},"content":{"rendered":"<p>O STJ tradicionalmente define os efeitos da mora, especialmente o termo inicial dos juros morat\u00f3rios, a partir da distin\u00e7\u00e3o entre responsabilidade contratual e extracontratual, conforme a origem da rela\u00e7\u00e3o jur\u00eddica entre as partes. Tal entendimento est\u00e1 consolidado na <b>S\u00famula n\u00ba 54 do STJ<\/b>, que disp\u00f5e o seguinte: <b>&#8220;Os juros morat\u00f3rios fluem a partir do evento danoso, em caso de responsabilidade extracontratual.&#8221;<\/b><\/p>\n<p>Embora forne\u00e7a crit\u00e9rio para determinar o termo inicial dos juros, a S\u00famula n\u00ba 54 n\u00e3o explicita os elementos distintivos entre responsabilidade contratual e extracontratual. Analisando os precedentes que fundamentaram o verbete, verifica-se que a categoriza\u00e7\u00e3o utilizava a classifica\u00e7\u00e3o do il\u00edcito: il\u00edcito absoluto para responsabilidade extracontratual e il\u00edcito relativo para contratual.<\/p>\n<p>Entretanto, a evolu\u00e7\u00e3o do Direito Civil aponta para a <b><i>supera\u00e7\u00e3o da teoria dualista<\/i><\/b>, privilegiando a repara\u00e7\u00e3o integral dos danos, aplic\u00e1vel tanto \u00e0s hip\u00f3teses de responsabilidade contratual quanto \u00e0s de responsabilidade extracontratual. Nesse sentido, o C\u00f3digo de Defesa do Consumidor, em seus artigos 12 a 25, adota conceitos mais modernos, focando na responsabilidade objetiva e solid\u00e1ria, circunscrevendo a responsabilidade subjetiva apenas aos casos de profissionais liberais, mediante apura\u00e7\u00e3o de culpa (art. 14, \u00a7 4\u00ba, CDC). O CDC, contudo, n\u00e3o traz disposi\u00e7\u00f5es espec\u00edficas quanto \u00e0 constitui\u00e7\u00e3o em mora.<\/p>\n<p>No \u00e2mbito contratual, o descumprimento parcial, inexato ou defeituoso de obriga\u00e7\u00f5es, em observ\u00e2ncia aos <i>princ\u00edpios da boa-f\u00e9 objetiva<\/i> e da <i>probidade<\/i>, pode configurar mora. Assim, considera-se caracterizada a mora contratual, antes da cita\u00e7\u00e3o v\u00e1lida, nas seguintes hip\u00f3teses:<\/p>\n<ol>\n<li aria-level=\"1\">Em obriga\u00e7\u00f5es positivas, l\u00edquidas e com termo certo;<\/li>\n<li aria-level=\"1\">Quando houver notifica\u00e7\u00e3o pr\u00e9via ao respons\u00e1vel pelos danos;<\/li>\n<li aria-level=\"1\">Em caso de inadimplemento absoluto devidamente comprovado nos contratos de execu\u00e7\u00e3o continuada.<\/li>\n<\/ol>\n<p>Quanto \u00e0 responsabilidade extracontratual, a regra geral \u00e9 a constitui\u00e7\u00e3o da mora a partir do evento danoso. Todavia, em situa\u00e7\u00f5es de incerteza, a mora pode ser fixada a partir da cita\u00e7\u00e3o v\u00e1lida. Na d\u00favida, o termo inicial deve ser a data da cita\u00e7\u00e3o, nos termos dos artigos 240 do CPC e 405 do C\u00f3digo Civil.<\/p>\n<p><b>TESE<\/b>: No caso de demanda em que se pleiteia repara\u00e7\u00e3o moral decorrente de mau cheiro oriundo da presta\u00e7\u00e3o de servi\u00e7o p\u00fablico de tratamento de esgoto, os juros morat\u00f3rios devem ser contados desde a data da cita\u00e7\u00e3o v\u00e1lida, salvo se a mora da prestadora do servi\u00e7o tiver sido comprovada em momento anterior.<\/p>\n<p>REsp 2.090.538-PR, Rel. Ministro S\u00e9rgio Kukina, Primeira Se\u00e7\u00e3o, por unanimidade, julgado em 27\/11\/2024. (Tema 1221).<\/p>\n","protected":false},"excerpt":{"rendered":"<p>O STJ tradicionalmente define os efeitos da mora, especialmente o termo inicial dos juros morat\u00f3rios, a partir da distin\u00e7\u00e3o entre responsabilidade contratual e extracontratual, conforme a origem da rela\u00e7\u00e3o jur\u00eddica entre as partes. Tal entendimento est\u00e1 consolidado na S\u00famula n\u00ba 54 do STJ, que disp\u00f5e o seguinte: &#8220;Os juros morat\u00f3rios fluem a partir do evento [&hellip;]<\/p>\n","protected":false},"author":1,"featured_media":1252,"comment_status":"open","ping_status":"open","sticky":false,"template":"","format":"standard","meta":{"footnotes":""},"categories":[143],"tags":[331,330,332],"class_list":["post-1251","post","type-post","status-publish","format-standard","has-post-thumbnail","hentry","category-pilulas-juridicas","tag-juros","tag-mora","tag-responsabiliade-civil"],"_links":{"self":[{"href":"https:\/\/gabaritojuridico.com.br\/index.php?rest_route=\/wp\/v2\/posts\/1251","targetHints":{"allow":["GET"]}}],"collection":[{"href":"https:\/\/gabaritojuridico.com.br\/index.php?rest_route=\/wp\/v2\/posts"}],"about":[{"href":"https:\/\/gabaritojuridico.com.br\/index.php?rest_route=\/wp\/v2\/types\/post"}],"author":[{"embeddable":true,"href":"https:\/\/gabaritojuridico.com.br\/index.php?rest_route=\/wp\/v2\/users\/1"}],"replies":[{"embeddable":true,"href":"https:\/\/gabaritojuridico.com.br\/index.php?rest_route=%2Fwp%2Fv2%2Fcomments&post=1251"}],"version-history":[{"count":1,"href":"https:\/\/gabaritojuridico.com.br\/index.php?rest_route=\/wp\/v2\/posts\/1251\/revisions"}],"predecessor-version":[{"id":1253,"href":"https:\/\/gabaritojuridico.com.br\/index.php?rest_route=\/wp\/v2\/posts\/1251\/revisions\/1253"}],"wp:featuredmedia":[{"embeddable":true,"href":"https:\/\/gabaritojuridico.com.br\/index.php?rest_route=\/wp\/v2\/media\/1252"}],"wp:attachment":[{"href":"https:\/\/gabaritojuridico.com.br\/index.php?rest_route=%2Fwp%2Fv2%2Fmedia&parent=1251"}],"wp:term":[{"taxonomy":"category","embeddable":true,"href":"https:\/\/gabaritojuridico.com.br\/index.php?rest_route=%2Fwp%2Fv2%2Fcategories&post=1251"},{"taxonomy":"post_tag","embeddable":true,"href":"https:\/\/gabaritojuridico.com.br\/index.php?rest_route=%2Fwp%2Fv2%2Ftags&post=1251"}],"curies":[{"name":"wp","href":"https:\/\/api.w.org\/{rel}","templated":true}]}}