{"id":1209,"date":"2024-11-13T09:15:13","date_gmt":"2024-11-13T12:15:13","guid":{"rendered":"https:\/\/gabaritojuridico.com.br\/?p=1209"},"modified":"2024-11-13T09:15:13","modified_gmt":"2024-11-13T12:15:13","slug":"inclusao-de-pessoas-trans-no-sus-decisoes-do-stf-na-adpf-787","status":"publish","type":"post","link":"https:\/\/gabaritojuridico.com.br\/?p=1209","title":{"rendered":"Inclus\u00e3o de pessoas trans no SUS: decis\u00f5es do STF na ADPF 787"},"content":{"rendered":"<p>O STF analisou, na <b>ADPF 787<\/b>, a necessidade de garantir que o <b>Minist\u00e9rio da Sa\u00fade<\/b> promova a <i>inclus\u00e3o<\/i> e <i>acessibilidade<\/i> de <b>pessoas transexuais<\/b> e <b>travestis<\/b> nos servi\u00e7os de sa\u00fade p\u00fablica, em observ\u00e2ncia aos direitos \u00e0 <b>dignidade da pessoa humana<\/b>, \u00e0 <b>sa\u00fade<\/b> e \u00e0 <b>igualdade<\/b> previstos na Constitui\u00e7\u00e3o Federal de 1988.<\/p>\n<p>O STF determinou que o Minist\u00e9rio da Sa\u00fade deve assegurar que <b>homens e mulheres trans<\/b> tenham <b>acesso igualit\u00e1rio<\/b> \u00e0s pol\u00edticas p\u00fablicas de sa\u00fade do <b>SUS<\/b>, incluindo especialidades m\u00e9dicas como ginecologia, obstetr\u00edcia e urologia, <b>sem restri\u00e7\u00f5es baseadas na identidade de g\u00eanero<\/b>. Para tanto, \u00e9 essencial que o sistema de agendamento e atendimento do SUS seja ajustado para n\u00e3o impor barreiras burocr\u00e1ticas, que possam causar <b>constrangimento, discrimina\u00e7\u00e3o ou sofrimento<\/b> \u00e0s pessoas trans.<\/p>\n<p>Al\u00e9m disso, o STF ordenou a <b>atualiza\u00e7\u00e3o do <\/b><b><i>layout<\/i><\/b> da <b>Declara\u00e7\u00e3o de Nascido Vivo (DNV)<\/b>, documento emitido por hospitais no nascimento de uma crian\u00e7a. A nova DNV dever\u00e1 incluir um campo obrigat\u00f3rio para \u201cparturiente\/m\u00e3e\u201d e um campo facultativo para \u201crespons\u00e1vel legal\/pai\u201d, conforme a <b>Lei n\u00ba 12.662\/2012<\/b>, para contemplar a diversidade de identidades de g\u00eanero.<\/p>\n<p>A decis\u00e3o do Plen\u00e1rio, confirmando medida cautelar pr\u00e9via, exigiu que o Minist\u00e9rio da Sa\u00fade adote as seguintes a\u00e7\u00f5es:<\/p>\n<ol>\n<li aria-level=\"1\"><b>Revis\u00e3o dos sistemas de informa\u00e7\u00e3o do SUS<\/b> para permitir a marca\u00e7\u00e3o de consultas e exames em todas as especialidades, independentemente do sexo biol\u00f3gico registrado.<\/li>\n<li aria-level=\"1\"><b>Altera\u00e7\u00f5es em todos os sistemas do SUS<\/b>, garantindo acesso pleno e igualit\u00e1rio aos servi\u00e7os de sa\u00fade para a popula\u00e7\u00e3o trans.<\/li>\n<li aria-level=\"1\"><b>Atualiza\u00e7\u00e3o do layout da DNV<\/b>, para incluir \u201cparturiente\/m\u00e3e\u201d como campo obrigat\u00f3rio e \u201crespons\u00e1vel legal\/pai\u201d como facultativo.<\/li>\n<li aria-level=\"1\"><b>Informa\u00e7\u00e3o e suporte<\/b> \u00e0s secretarias estaduais e municipais de sa\u00fade sobre as mudan\u00e7as realizadas, facilitando a adapta\u00e7\u00e3o e migra\u00e7\u00e3o dos sistemas locais de acordo com a estrutura hierarquizada do SUS.<\/li>\n<\/ol>\n<p>A decis\u00e3o do STF passa a assegurar que as pol\u00edticas p\u00fablicas de sa\u00fade respeitem e incluam a diversidade de g\u00eanero, promovendo o <b>acesso igualit\u00e1rio e sem discrimina\u00e7\u00e3o<\/b> aos servi\u00e7os de sa\u00fade.<\/p>\n<p><b>RESUMO<\/b>: O Minist\u00e9rio da Sa\u00fade, em observ\u00e2ncia aos direitos \u00e0 dignidade da pessoa humana, \u00e0 sa\u00fade e \u00e0 igualdade (CF\/1988, arts. 1\u00ba, III, 3\u00ba, IV, 5\u00ba, caput, e 6\u00ba, <i>caput<\/i>), deve garantir atendimento m\u00e9dico a pessoas transexuais e travestis, de acordo com suas necessidades biol\u00f3gicas, e acrescentar termos inclusivos para englobar a popula\u00e7\u00e3o transexual na Declara\u00e7\u00e3o de Nascido Vivo (DNV) de seus filhos.<\/p>\n<p>ADPF 787\/DF, relator Ministro Gilmar Mendes, julgamento finalizado em 17.10.2024.<\/p>\n","protected":false},"excerpt":{"rendered":"<p>O STF analisou, na ADPF 787, a necessidade de garantir que o Minist\u00e9rio da Sa\u00fade promova a inclus\u00e3o e acessibilidade de pessoas transexuais e travestis nos servi\u00e7os de sa\u00fade p\u00fablica, em observ\u00e2ncia aos direitos \u00e0 dignidade da pessoa humana, \u00e0 sa\u00fade e \u00e0 igualdade previstos na Constitui\u00e7\u00e3o Federal de 1988. O STF determinou que o [&hellip;]<\/p>\n","protected":false},"author":1,"featured_media":1210,"comment_status":"open","ping_status":"open","sticky":false,"template":"","format":"standard","meta":{"footnotes":""},"categories":[143],"tags":[310,267,309],"class_list":["post-1209","post","type-post","status-publish","format-standard","has-post-thumbnail","hentry","category-pilulas-juridicas","tag-sexualidade","tag-sus","tag-trans"],"_links":{"self":[{"href":"https:\/\/gabaritojuridico.com.br\/index.php?rest_route=\/wp\/v2\/posts\/1209","targetHints":{"allow":["GET"]}}],"collection":[{"href":"https:\/\/gabaritojuridico.com.br\/index.php?rest_route=\/wp\/v2\/posts"}],"about":[{"href":"https:\/\/gabaritojuridico.com.br\/index.php?rest_route=\/wp\/v2\/types\/post"}],"author":[{"embeddable":true,"href":"https:\/\/gabaritojuridico.com.br\/index.php?rest_route=\/wp\/v2\/users\/1"}],"replies":[{"embeddable":true,"href":"https:\/\/gabaritojuridico.com.br\/index.php?rest_route=%2Fwp%2Fv2%2Fcomments&post=1209"}],"version-history":[{"count":1,"href":"https:\/\/gabaritojuridico.com.br\/index.php?rest_route=\/wp\/v2\/posts\/1209\/revisions"}],"predecessor-version":[{"id":1211,"href":"https:\/\/gabaritojuridico.com.br\/index.php?rest_route=\/wp\/v2\/posts\/1209\/revisions\/1211"}],"wp:featuredmedia":[{"embeddable":true,"href":"https:\/\/gabaritojuridico.com.br\/index.php?rest_route=\/wp\/v2\/media\/1210"}],"wp:attachment":[{"href":"https:\/\/gabaritojuridico.com.br\/index.php?rest_route=%2Fwp%2Fv2%2Fmedia&parent=1209"}],"wp:term":[{"taxonomy":"category","embeddable":true,"href":"https:\/\/gabaritojuridico.com.br\/index.php?rest_route=%2Fwp%2Fv2%2Fcategories&post=1209"},{"taxonomy":"post_tag","embeddable":true,"href":"https:\/\/gabaritojuridico.com.br\/index.php?rest_route=%2Fwp%2Fv2%2Ftags&post=1209"}],"curies":[{"name":"wp","href":"https:\/\/api.w.org\/{rel}","templated":true}]}}