{"id":1199,"date":"2024-11-11T09:09:29","date_gmt":"2024-11-11T12:09:29","guid":{"rendered":"https:\/\/gabaritojuridico.com.br\/?p=1199"},"modified":"2024-11-11T09:09:29","modified_gmt":"2024-11-11T12:09:29","slug":"a-relevancia-do-depoimento-da-vitima-em-crimes-de-violencia-domestica-no-entendimento-do-stj","status":"publish","type":"post","link":"https:\/\/gabaritojuridico.com.br\/?p=1199","title":{"rendered":"A relev\u00e2ncia do depoimento da v\u00edtima em crimes de viol\u00eancia dom\u00e9stica no entendimento do STJ"},"content":{"rendered":"<p>\u00c9 admiss\u00edvel que o depoimento da v\u00edtima, <i>isoladamente<\/i>, constitua o principal fundamento para a acusa\u00e7\u00e3o em crimes cometidos no \u00e2mbito <b>dom\u00e9stico<\/b> ou <b>familiar<\/b>?<\/p>\n<p><b>SIM.<\/b><\/p>\n<p>No caso concreto analisado pelo STJ, o Minist\u00e9rio P\u00fablico Federal ofereceu den\u00fancia contra um Desembargador, imputando-lhe a pr\u00e1tica do crime previsto no <b>art. 129, \u00a7 9\u00ba, do C\u00f3digo Penal<\/b>, por ter lesionado a integridade f\u00edsica de sua ex-esposa, valendo-se do contexto de rela\u00e7\u00f5es dom\u00e9sticas.<\/p>\n<p>A jurisprud\u00eancia do STJ \u00e9 pac\u00edfica no sentido de que n\u00e3o h\u00e1 ilegalidade na utiliza\u00e7\u00e3o predominante do <b>depoimento da v\u00edtima<\/b> como base para a acusa\u00e7\u00e3o em crimes cometidos no ambiente dom\u00e9stico ou familiar. Isso se deve \u00e0 peculiaridade desses delitos, que, em regra, ocorrem de forma velada, sem a presen\u00e7a de testemunhas, e frequentemente deixam poucos ou nenhum vest\u00edgio material. Nesse cen\u00e1rio, o <b>testemunho da v\u00edtima<\/b> adquire especial relev\u00e2ncia probat\u00f3ria, dado o contexto de clandestinidade que envolve esses delitos.<\/p>\n<p><b>RESUMO<\/b>: Em casos de viol\u00eancia dom\u00e9stica e familiar contra a mulher, a palavra da v\u00edtima tem especial relev\u00e2ncia, haja vista que muitos desses casos ocorrem em situa\u00e7\u00f5es de clandestinidade.<\/p>\n<p>Processo em segredo de justi\u00e7a, Rel. Ministro Antonio Carlos Ferreira, Corte Especial, por unanimidade, julgado em 2\/10\/2024, DJe 8\/10\/2024.<\/p>\n","protected":false},"excerpt":{"rendered":"<p>\u00c9 admiss\u00edvel que o depoimento da v\u00edtima, isoladamente, constitua o principal fundamento para a acusa\u00e7\u00e3o em crimes cometidos no \u00e2mbito dom\u00e9stico ou familiar? SIM. No caso concreto analisado pelo STJ, o Minist\u00e9rio P\u00fablico Federal ofereceu den\u00fancia contra um Desembargador, imputando-lhe a pr\u00e1tica do crime previsto no art. 129, \u00a7 9\u00ba, do C\u00f3digo Penal, por ter [&hellip;]<\/p>\n","protected":false},"author":1,"featured_media":1201,"comment_status":"open","ping_status":"open","sticky":false,"template":"","format":"standard","meta":{"footnotes":""},"categories":[143],"tags":[306,25,307],"class_list":["post-1199","post","type-post","status-publish","format-standard","has-post-thumbnail","hentry","category-pilulas-juridicas","tag-depoimento","tag-stj","tag-violencia-domestica"],"_links":{"self":[{"href":"https:\/\/gabaritojuridico.com.br\/index.php?rest_route=\/wp\/v2\/posts\/1199","targetHints":{"allow":["GET"]}}],"collection":[{"href":"https:\/\/gabaritojuridico.com.br\/index.php?rest_route=\/wp\/v2\/posts"}],"about":[{"href":"https:\/\/gabaritojuridico.com.br\/index.php?rest_route=\/wp\/v2\/types\/post"}],"author":[{"embeddable":true,"href":"https:\/\/gabaritojuridico.com.br\/index.php?rest_route=\/wp\/v2\/users\/1"}],"replies":[{"embeddable":true,"href":"https:\/\/gabaritojuridico.com.br\/index.php?rest_route=%2Fwp%2Fv2%2Fcomments&post=1199"}],"version-history":[{"count":1,"href":"https:\/\/gabaritojuridico.com.br\/index.php?rest_route=\/wp\/v2\/posts\/1199\/revisions"}],"predecessor-version":[{"id":1202,"href":"https:\/\/gabaritojuridico.com.br\/index.php?rest_route=\/wp\/v2\/posts\/1199\/revisions\/1202"}],"wp:featuredmedia":[{"embeddable":true,"href":"https:\/\/gabaritojuridico.com.br\/index.php?rest_route=\/wp\/v2\/media\/1201"}],"wp:attachment":[{"href":"https:\/\/gabaritojuridico.com.br\/index.php?rest_route=%2Fwp%2Fv2%2Fmedia&parent=1199"}],"wp:term":[{"taxonomy":"category","embeddable":true,"href":"https:\/\/gabaritojuridico.com.br\/index.php?rest_route=%2Fwp%2Fv2%2Fcategories&post=1199"},{"taxonomy":"post_tag","embeddable":true,"href":"https:\/\/gabaritojuridico.com.br\/index.php?rest_route=%2Fwp%2Fv2%2Ftags&post=1199"}],"curies":[{"name":"wp","href":"https:\/\/api.w.org\/{rel}","templated":true}]}}