{"id":1128,"date":"2024-10-17T09:46:33","date_gmt":"2024-10-17T12:46:33","guid":{"rendered":"https:\/\/gabaritojuridico.com.br\/?p=1128"},"modified":"2024-10-17T09:46:33","modified_gmt":"2024-10-17T12:46:33","slug":"tema-repetitivo-1130-do-stj-eficacia-territorial-da-coisa-julgada-em-acoes-coletivas-ajuizadas-por-sindicatos-estaduais","status":"publish","type":"post","link":"https:\/\/gabaritojuridico.com.br\/?p=1128","title":{"rendered":"Tema Repetitivo 1130 do STJ: Efic\u00e1cia territorial da coisa julgada em a\u00e7\u00f5es coletivas ajuizadas por sindicatos estaduais"},"content":{"rendered":"<p>No <b>Tema Repetitivo 1130<\/b>, o STJ decidiu a respeito da delimita\u00e7\u00e3o dos efeitos da coisa julgada em a\u00e7\u00f5es coletivas ajuizadas por sindicatos de \u00e2mbito estadual, no que se refere ao <b>alcance territorial<\/b> e \u00e0 <b>abrang\u00eancia dos benefici\u00e1rios<\/b>.<\/p>\n<ol>\n<li><b> Efeitos da coisa julgada em a\u00e7\u00f5es coletivas<\/b><\/li>\n<\/ol>\n<ul>\n<li aria-level=\"1\">Nas <b>a\u00e7\u00f5es individuais<\/b>, a coisa julgada tem <b>efeitos <\/b><b><i>inter partes<\/i><\/b>, vinculando apenas as partes envolvidas diretamente no processo, de acordo com o art. 506 do CPC.<\/li>\n<li aria-level=\"1\"><b>A\u00e7\u00f5es coletivas<\/b>, contudo, possuem um alcance diferenciado conforme o art. 103, II, do C\u00f3digo de Defesa do Consumidor (CDC), que determina a forma\u00e7\u00e3o da coisa julgada <b><i>ultra partes<\/i><\/b> (limitada ao grupo, categoria ou classe envolvida), salvo nos casos de improced\u00eancia por insufici\u00eancia de provas, que n\u00e3o geram efeitos de coisa julgada.<\/li>\n<\/ul>\n<ol start=\"2\">\n<li><b> Limita\u00e7\u00e3o territorial do sindicato<\/b><\/li>\n<\/ol>\n<ul>\n<li aria-level=\"1\">A efic\u00e1cia do t\u00edtulo judicial formado em a\u00e7\u00f5es coletivas por sindicatos \u00e9 limitada pela <b>base territorial<\/b> da entidade sindical autora, isto \u00e9, os efeitos vinculativos se aplicam <b><i>somente<\/i><\/b> aos <b>membros da categoria localizados ou em exerc\u00edcio na \u00e1rea onde o sindicato tem atua\u00e7\u00e3<\/b>o, conforme a sua legitimidade ativa.<\/li>\n<li aria-level=\"1\">Essa restri\u00e7\u00e3o decorre do <b><i>princ\u00edpio constitucional da unicidade sindical<\/i><\/b>, previsto no art. 8\u00ba, II, da Constitui\u00e7\u00e3o Federal, que restringe a representa\u00e7\u00e3o sindical a uma \u00fanica entidade por base territorial.<\/li>\n<\/ul>\n<ol start=\"3\">\n<li><b> Benefici\u00e1rios do t\u00edtulo judicial<\/b><\/li>\n<\/ol>\n<ul>\n<li aria-level=\"1\">Para serem beneficiados pela senten\u00e7a proferida em favor da categoria, <b>n\u00e3o \u00e9 necess\u00e1rio que os membros sejam<\/b> <b>filiados ao sindicato<\/b>, <i>apenas<\/i> que perten\u00e7am \u00e0 categoria representada e estejam lotados ou em exerc\u00edcio na <b>base territorial do sindicato autor<\/b>.<\/li>\n<li aria-level=\"1\">Esta abrang\u00eancia de efeitos considera a <b>substitui\u00e7\u00e3o processual<\/b> realizada pelo sindicato, aplicando-se somente aos profissionais vinculados \u00e0 \u00e1rea de atua\u00e7\u00e3o do sindicato, sem estender-se a membros de outra base territorial.<\/li>\n<\/ul>\n<ol start=\"4\">\n<li><b> Crit\u00e9rios de lota\u00e7\u00e3o e domic\u00edlio<\/b><\/li>\n<\/ol>\n<ul>\n<li aria-level=\"1\">A an\u00e1lise de quem s\u00e3o os benefici\u00e1rios deve levar em conta os conceitos de <b>lota\u00e7\u00e3o<\/b> e <b>exerc\u00edcio funcional<\/b>. O <b>domic\u00edlio necess\u00e1rio<\/b> do servidor, definido como o local de exerc\u00edcio permanente de suas fun\u00e7\u00f5es (art. 76, par\u00e1grafo \u00fanico, do C\u00f3digo Civil), \u00e9 essencial para determinar o sindicato que poder\u00e1 represent\u00e1-lo processualmente.<\/li>\n<li aria-level=\"1\">Servidores que estejam lotados fora da base territorial do sindicato estadual n\u00e3o s\u00e3o abrangidos pelo t\u00edtulo judicial obtido pelo sindicato de sua categoria em outra jurisdi\u00e7\u00e3o. Portanto, o crit\u00e9rio territorial para defini\u00e7\u00e3o dos benefici\u00e1rios deve respeitar o registro sindical e a localiza\u00e7\u00e3o da base territorial.<\/li>\n<\/ul>\n<ol start=\"5\">\n<li><b> Conclus\u00e3o<\/b><\/li>\n<\/ol>\n<ul>\n<li aria-level=\"1\">O STJ reafirma que a <b>atua\u00e7\u00e3o substitutiva dos sindicatos<\/b> em processos judiciais coletivos tem o <b>alcance limitado<\/b> pela <b>base territorial<\/b> do sindicato, respeitando a <b>unicidade<\/b> e a <b>territorialidade sindical<\/b>. O sindicato poder\u00e1 representar judicialmente todos os membros da categoria profissional no seu territ\u00f3rio de registro, independente de filia\u00e7\u00e3o, desde que domiciliados na \u00e1rea em quest\u00e3o, com base no <b>domic\u00edlio necess\u00e1rio<\/b> e <b>lota\u00e7\u00e3o funcional<\/b> dos servidores.<\/li>\n<\/ul>\n<p>Essa decis\u00e3o assegura que os efeitos da coisa julgada em a\u00e7\u00f5es coletivas propostas por sindicatos estaduais se restringem \u00e0 base territorial de atua\u00e7\u00e3o da entidade sindical, garantindo o respeito \u00e0 legisla\u00e7\u00e3o constitucional e aos crit\u00e9rios de substitui\u00e7\u00e3o processual.<\/p>\n<p><b>TESE<\/b>: A efic\u00e1cia do t\u00edtulo judicial resultante de a\u00e7\u00e3o coletiva promovida por sindicato de \u00e2mbito estadual est\u00e1 restrita aos integrantes da categoria profissional, filiados ou n\u00e3o, com domic\u00edlio necess\u00e1rio (art. 76, par\u00e1grafo \u00fanico, do C\u00f3digo Civil) na base territorial da entidade sindical autora e \u00e0queles em exerc\u00edcio provis\u00f3rio ou em miss\u00e3o em outra localidade.<\/p>\n<p>REsp 1.966.058-AL, Rel. Ministro Afr\u00e2nio Vilela, Primeira Se\u00e7\u00e3o, por unanimidade, julgado em 9\/10\/2024. (Tema 1130).<\/p>\n","protected":false},"excerpt":{"rendered":"<p>No Tema Repetitivo 1130, o STJ decidiu a respeito da delimita\u00e7\u00e3o dos efeitos da coisa julgada em a\u00e7\u00f5es coletivas ajuizadas por sindicatos de \u00e2mbito estadual, no que se refere ao alcance territorial e \u00e0 abrang\u00eancia dos benefici\u00e1rios. Efeitos da coisa julgada em a\u00e7\u00f5es coletivas Nas a\u00e7\u00f5es individuais, a coisa julgada tem efeitos inter partes, vinculando [&hellip;]<\/p>\n","protected":false},"author":1,"featured_media":1129,"comment_status":"open","ping_status":"open","sticky":false,"template":"","format":"standard","meta":{"footnotes":""},"categories":[143],"tags":[277,276,25,275],"class_list":["post-1128","post","type-post","status-publish","format-standard","has-post-thumbnail","hentry","category-pilulas-juridicas","tag-acoes-coletivas","tag-sindicatos","tag-stj","tag-tema-repetitivo"],"_links":{"self":[{"href":"https:\/\/gabaritojuridico.com.br\/index.php?rest_route=\/wp\/v2\/posts\/1128","targetHints":{"allow":["GET"]}}],"collection":[{"href":"https:\/\/gabaritojuridico.com.br\/index.php?rest_route=\/wp\/v2\/posts"}],"about":[{"href":"https:\/\/gabaritojuridico.com.br\/index.php?rest_route=\/wp\/v2\/types\/post"}],"author":[{"embeddable":true,"href":"https:\/\/gabaritojuridico.com.br\/index.php?rest_route=\/wp\/v2\/users\/1"}],"replies":[{"embeddable":true,"href":"https:\/\/gabaritojuridico.com.br\/index.php?rest_route=%2Fwp%2Fv2%2Fcomments&post=1128"}],"version-history":[{"count":1,"href":"https:\/\/gabaritojuridico.com.br\/index.php?rest_route=\/wp\/v2\/posts\/1128\/revisions"}],"predecessor-version":[{"id":1130,"href":"https:\/\/gabaritojuridico.com.br\/index.php?rest_route=\/wp\/v2\/posts\/1128\/revisions\/1130"}],"wp:featuredmedia":[{"embeddable":true,"href":"https:\/\/gabaritojuridico.com.br\/index.php?rest_route=\/wp\/v2\/media\/1129"}],"wp:attachment":[{"href":"https:\/\/gabaritojuridico.com.br\/index.php?rest_route=%2Fwp%2Fv2%2Fmedia&parent=1128"}],"wp:term":[{"taxonomy":"category","embeddable":true,"href":"https:\/\/gabaritojuridico.com.br\/index.php?rest_route=%2Fwp%2Fv2%2Fcategories&post=1128"},{"taxonomy":"post_tag","embeddable":true,"href":"https:\/\/gabaritojuridico.com.br\/index.php?rest_route=%2Fwp%2Fv2%2Ftags&post=1128"}],"curies":[{"name":"wp","href":"https:\/\/api.w.org\/{rel}","templated":true}]}}