{"id":1040,"date":"2024-09-20T09:00:19","date_gmt":"2024-09-20T12:00:19","guid":{"rendered":"https:\/\/gabaritojuridico.com.br\/?p=1040"},"modified":"2024-09-19T16:53:15","modified_gmt":"2024-09-19T19:53:15","slug":"impossibilidade-de-substituicao-do-regime-fechado-no-cumprimento-da-prisao-civil-por-falta-de-vagas-no-sistema-prisional","status":"publish","type":"post","link":"https:\/\/gabaritojuridico.com.br\/?p=1040","title":{"rendered":"Impossibilidade de substitui\u00e7\u00e3o do regime fechado no cumprimento da pris\u00e3o civil por falta de vagas no sistema prisional"},"content":{"rendered":"<p>O STJ foi instado a decidir acerca da possibilidade de <b>substitui\u00e7\u00e3o do regime fechado pelo regime aberto<\/b> no cumprimento da pris\u00e3o civil decretada com base no art. 528 do CPC, diante da alega\u00e7\u00e3o de <b>aus\u00eancia de vagas no sistema penitenci\u00e1rio<\/b>.<\/p>\n<p>O CPC, em seu art. 528, disp\u00f5e de forma espec\u00edfica sobre o cumprimento de senten\u00e7a que reconhe\u00e7a a exigibilidade de obriga\u00e7\u00e3o alimentar, conferindo-lhe uma efic\u00e1cia acentuada, em especial pela previs\u00e3o da pris\u00e3o civil do devedor inadimplente. Trata-se de norma de ordem p\u00fablica, em raz\u00e3o da natureza essencial dos alimentos, cuja presta\u00e7\u00e3o \u00e9 necess\u00e1ria para a <i>subsist\u00eancia digna do alimentando<\/i>, sendo, portanto, um <b>interesse relevante para o Estado<\/b>, que visa garantir o adimplemento dessas necessidades fundamentais no \u00e2mbito das rela\u00e7\u00f5es familiares.<\/p>\n<p>O \u00a7 4\u00ba do art. 528 do CPC estabelece que a <b>pris\u00e3o civil<\/b> deve ser cumprida em <b>regime fechado<\/b>, sendo o devedor separado dos presos comuns, em raz\u00e3o de n\u00e3o se tratar de pris\u00e3o de natureza penal, o que impede a aplica\u00e7\u00e3o de institutos t\u00edpicos da legisla\u00e7\u00e3o penal, como a progress\u00e3o de regime ou a substitui\u00e7\u00e3o por penas alternativas. Nesse sentido, o STJ consolidou entendimento no sentido de que a regra do cumprimento da pris\u00e3o civil em regime fechado deve ser observada, salvo em situa\u00e7\u00f5es excepcional\u00edssimas, como no caso de devedores de idade avan\u00e7ada ou que apresentem problemas de sa\u00fade que exijam cuidados espec\u00edficos.<\/p>\n<p>A <b>mera falta de vagas no sistema prisional n\u00e3o pode, por si s\u00f3, justificar a substitui\u00e7\u00e3o do regime de cumprimento da pris\u00e3o civil<\/b>, sob pena de esvaziar a efic\u00e1cia do \u00a7 4\u00ba do art. 528 do CPC, j\u00e1 que, em diversas regi\u00f5es do pa\u00eds, as unidades prisionais est\u00e3o em situa\u00e7\u00e3o de superlota\u00e7\u00e3o. Permitir tal substitui\u00e7\u00e3o resultaria na impossibilidade pr\u00e1tica de cumprimento da pris\u00e3o civil, comprometendo sua fun\u00e7\u00e3o coercitiva.<\/p>\n<p>A responsabilidade de gerir a car\u00eancia de vagas no sistema penitenci\u00e1rio cabe \u00e0 autoridade judici\u00e1ria local, que, em di\u00e1logo com os demais Poderes, deve buscar solu\u00e7\u00f5es adequadas \u00e0 realidade social, sem comprometer o prop\u00f3sito da pris\u00e3o civil. Conforme recomendado pelo Conselho Nacional de Justi\u00e7a (CNJ) em seu <i>Manual da Central de Regula\u00e7\u00e3o de Vagas<\/i>, a finalidade da pris\u00e3o civil \u00e9 justamente coagir o devedor ao adimplemento da obriga\u00e7\u00e3o alimentar, essencial \u00e0 sobreviv\u00eancia do alimentando.<\/p>\n<p>Por fim, o argumento de que a aus\u00eancia de autoriza\u00e7\u00e3o para sa\u00eddas laborativas acarretaria a impossibilidade de pagamento dos alimentos n\u00e3o merece acolhimento. A condi\u00e7\u00e3o de presidi\u00e1rio n\u00e3o constitui causa de exonera\u00e7\u00e3o da obriga\u00e7\u00e3o alimentar, sendo vi\u00e1vel a realiza\u00e7\u00e3o de atividades remuneradas, mesmo que de forma restrita, tanto no ambiente prisional quanto em eventual regime de trabalho externo.<\/p>\n<p><b>TESE<\/b>: A aus\u00eancia de vagas no sistema penitenci\u00e1rio, por si s\u00f3, n\u00e3o justifica a substitui\u00e7\u00e3o do regime fechado pelo regime aberto no cumprimento da pris\u00e3o civil decretada com base no art. 528 do CPC\/2015.<\/p>\n<p>Processo em segredo de justi\u00e7a, Rel. Ministro Marco Aur\u00e9lio Bellizze, Terceira Turma, por unanimidade, julgado em 3\/9\/2024, DJe 6\/9\/2024.<\/p>\n","protected":false},"excerpt":{"rendered":"<p>O STJ foi instado a decidir acerca da possibilidade de substitui\u00e7\u00e3o do regime fechado pelo regime aberto no cumprimento da pris\u00e3o civil decretada com base no art. 528 do CPC, diante da alega\u00e7\u00e3o de aus\u00eancia de vagas no sistema penitenci\u00e1rio. O CPC, em seu art. 528, disp\u00f5e de forma espec\u00edfica sobre o cumprimento de senten\u00e7a [&hellip;]<\/p>\n","protected":false},"author":1,"featured_media":1041,"comment_status":"open","ping_status":"open","sticky":false,"template":"","format":"standard","meta":{"footnotes":""},"categories":[143],"tags":[141,176,243,241,242],"class_list":["post-1040","post","type-post","status-publish","format-standard","has-post-thumbnail","hentry","category-pilulas-juridicas","tag-cpc","tag-direito-penal","tag-regime-fechado","tag-regime-prisional","tag-sistema-prisional"],"_links":{"self":[{"href":"https:\/\/gabaritojuridico.com.br\/index.php?rest_route=\/wp\/v2\/posts\/1040","targetHints":{"allow":["GET"]}}],"collection":[{"href":"https:\/\/gabaritojuridico.com.br\/index.php?rest_route=\/wp\/v2\/posts"}],"about":[{"href":"https:\/\/gabaritojuridico.com.br\/index.php?rest_route=\/wp\/v2\/types\/post"}],"author":[{"embeddable":true,"href":"https:\/\/gabaritojuridico.com.br\/index.php?rest_route=\/wp\/v2\/users\/1"}],"replies":[{"embeddable":true,"href":"https:\/\/gabaritojuridico.com.br\/index.php?rest_route=%2Fwp%2Fv2%2Fcomments&post=1040"}],"version-history":[{"count":1,"href":"https:\/\/gabaritojuridico.com.br\/index.php?rest_route=\/wp\/v2\/posts\/1040\/revisions"}],"predecessor-version":[{"id":1042,"href":"https:\/\/gabaritojuridico.com.br\/index.php?rest_route=\/wp\/v2\/posts\/1040\/revisions\/1042"}],"wp:featuredmedia":[{"embeddable":true,"href":"https:\/\/gabaritojuridico.com.br\/index.php?rest_route=\/wp\/v2\/media\/1041"}],"wp:attachment":[{"href":"https:\/\/gabaritojuridico.com.br\/index.php?rest_route=%2Fwp%2Fv2%2Fmedia&parent=1040"}],"wp:term":[{"taxonomy":"category","embeddable":true,"href":"https:\/\/gabaritojuridico.com.br\/index.php?rest_route=%2Fwp%2Fv2%2Fcategories&post=1040"},{"taxonomy":"post_tag","embeddable":true,"href":"https:\/\/gabaritojuridico.com.br\/index.php?rest_route=%2Fwp%2Fv2%2Ftags&post=1040"}],"curies":[{"name":"wp","href":"https:\/\/api.w.org\/{rel}","templated":true}]}}