{"id":1031,"date":"2024-09-18T09:21:28","date_gmt":"2024-09-18T12:21:28","guid":{"rendered":"https:\/\/gabaritojuridico.com.br\/?p=1031"},"modified":"2024-09-18T09:20:46","modified_gmt":"2024-09-18T12:20:46","slug":"presuncao-de-vulnerabilidade-feminina-na-aplicacao-da-lei-maria-da-penha","status":"publish","type":"post","link":"https:\/\/gabaritojuridico.com.br\/?p=1031","title":{"rendered":"Presun\u00e7\u00e3o de vulnerabilidade feminina na aplica\u00e7\u00e3o da Lei Maria da Penha"},"content":{"rendered":"<p>O STJ consolidou o entendimento no sentido de que a <b>hipossufici\u00eancia e a vulnerabilidade da mulher em situa\u00e7\u00e3o de viol\u00eancia dom\u00e9stica<\/b> e familiar s\u00e3o <b>presumidas pela Lei n. 11.340\/2006 (Lei Maria da Penha)<\/b>, dispensando a necessidade de comprova\u00e7\u00e3o espec\u00edfica da subjuga\u00e7\u00e3o feminina para a aplica\u00e7\u00e3o do regime protetivo previsto na legisla\u00e7\u00e3o. Tal presun\u00e7\u00e3o decorre do reconhecimento de que a sociedade brasileira ainda \u00e9 estruturada em <b>um sistema de poder hier\u00e1rquico baseado no g\u00eanero<\/b>, o qual a Lei Maria da Penha visa combater (AgRg na MPUMP 6\/DF, rel. Ministra Nancy Andrighi, DJe 20\/5\/2022).<\/p>\n<p>A viol\u00eancia contra a mulher, segundo o STJ, resulta de um <b>aspecto cultural que visa subjug\u00e1-la e inferioriz\u00e1-la<\/b>, de modo que, <b>ainda que o v\u00ednculo entre v\u00edtima e agressor tenha sido ef\u00eamero<\/b>, isso n\u00e3o afasta a caracteriza\u00e7\u00e3o da viol\u00eancia dom\u00e9stica. A Lei Maria da Penha foi criada para promover a <b>igualdade substantiva entre os g\u00eaneros<\/b>, baseando-se na <b>disparidade f\u00edsica, hist\u00f3rica discrimina\u00e7\u00e3o e cultura vigente<\/b> que colocam a mulher em situa\u00e7\u00e3o de vulnerabilidade, o que justifica a prote\u00e7\u00e3o especial concedida pelo legislador (AgRg no AREsp 1.439.546\/RJ, rel. Min. Reynaldo Soares da Fonseca, DJe 5\/8\/2019).<\/p>\n<p>No caso concreto, o Minist\u00e9rio P\u00fablico destacou a presen\u00e7a de <b>viol\u00eancia de g\u00eanero<\/b> nos elementos colhidos na investiga\u00e7\u00e3o, demonstrando que o delito ocorreu <b>dentro de um contexto de viol\u00eancia dom\u00e9stica e familiar<\/b>, mesmo que o relacionamento entre a v\u00edtima e o agressor tenha sido breve. <b>A aus\u00eancia de um v\u00ednculo afetivo duradouro<\/b> n\u00e3o exclui a aplica\u00e7\u00e3o da Lei Maria da Penha, que se destina a proteger a mulher de qualquer forma de viol\u00eancia dom\u00e9stica.<\/p>\n<p><b>TESE<\/b>: O fato de n\u00e3o haver rela\u00e7\u00e3o duradoura de afeto n\u00e3o afasta a incid\u00eancia do sistema protetivo da Lei Maria da Penha.<\/p>\n<p>Processo em segredo de justi\u00e7a, Rel. Ministro Antonio Saldanha Palheiro, Sexta Turma, por unanimidade, julgado em 12\/8\/2024, DJe 15\/8\/2024.<\/p>\n","protected":false},"excerpt":{"rendered":"<p>O STJ consolidou o entendimento no sentido de que a hipossufici\u00eancia e a vulnerabilidade da mulher em situa\u00e7\u00e3o de viol\u00eancia dom\u00e9stica e familiar s\u00e3o presumidas pela Lei n. 11.340\/2006 (Lei Maria da Penha), dispensando a necessidade de comprova\u00e7\u00e3o espec\u00edfica da subjuga\u00e7\u00e3o feminina para a aplica\u00e7\u00e3o do regime protetivo previsto na legisla\u00e7\u00e3o. Tal presun\u00e7\u00e3o decorre do [&hellip;]<\/p>\n","protected":false},"author":1,"featured_media":1032,"comment_status":"open","ping_status":"open","sticky":false,"template":"","format":"standard","meta":{"footnotes":""},"categories":[143],"tags":[149,25],"class_list":["post-1031","post","type-post","status-publish","format-standard","has-post-thumbnail","hentry","category-pilulas-juridicas","tag-maria-da-penha","tag-stj"],"_links":{"self":[{"href":"https:\/\/gabaritojuridico.com.br\/index.php?rest_route=\/wp\/v2\/posts\/1031","targetHints":{"allow":["GET"]}}],"collection":[{"href":"https:\/\/gabaritojuridico.com.br\/index.php?rest_route=\/wp\/v2\/posts"}],"about":[{"href":"https:\/\/gabaritojuridico.com.br\/index.php?rest_route=\/wp\/v2\/types\/post"}],"author":[{"embeddable":true,"href":"https:\/\/gabaritojuridico.com.br\/index.php?rest_route=\/wp\/v2\/users\/1"}],"replies":[{"embeddable":true,"href":"https:\/\/gabaritojuridico.com.br\/index.php?rest_route=%2Fwp%2Fv2%2Fcomments&post=1031"}],"version-history":[{"count":1,"href":"https:\/\/gabaritojuridico.com.br\/index.php?rest_route=\/wp\/v2\/posts\/1031\/revisions"}],"predecessor-version":[{"id":1033,"href":"https:\/\/gabaritojuridico.com.br\/index.php?rest_route=\/wp\/v2\/posts\/1031\/revisions\/1033"}],"wp:featuredmedia":[{"embeddable":true,"href":"https:\/\/gabaritojuridico.com.br\/index.php?rest_route=\/wp\/v2\/media\/1032"}],"wp:attachment":[{"href":"https:\/\/gabaritojuridico.com.br\/index.php?rest_route=%2Fwp%2Fv2%2Fmedia&parent=1031"}],"wp:term":[{"taxonomy":"category","embeddable":true,"href":"https:\/\/gabaritojuridico.com.br\/index.php?rest_route=%2Fwp%2Fv2%2Fcategories&post=1031"},{"taxonomy":"post_tag","embeddable":true,"href":"https:\/\/gabaritojuridico.com.br\/index.php?rest_route=%2Fwp%2Fv2%2Ftags&post=1031"}],"curies":[{"name":"wp","href":"https:\/\/api.w.org\/{rel}","templated":true}]}}